{"id":9984,"date":"2025-03-25T08:59:44","date_gmt":"2025-03-25T12:59:44","guid":{"rendered":"https:\/\/jornaloalvorada.com.br\/site\/?p=9984"},"modified":"2025-03-25T08:59:47","modified_gmt":"2025-03-25T12:59:47","slug":"bombeiros-de-ms-executam-acoes-de-preparacao-para-combate-aos-incendios-no-pantanal","status":"publish","type":"post","link":"https:\/\/jornaloalvorada.com.br\/site\/2025\/03\/25\/bombeiros-de-ms-executam-acoes-de-preparacao-para-combate-aos-incendios-no-pantanal\/","title":{"rendered":"Bombeiros de MS executam a\u00e7\u00f5es de prepara\u00e7\u00e3o para combate aos inc\u00eandios no Pantanal"},"content":{"rendered":"\n<p>Com planejamento e organiza\u00e7\u00e3o para a TIF (Temporada de Inc\u00eandios Florestais) 2025, equipes do CBM-MS (Corpo de Bombeiros Militar) j\u00e1 iniciaram o trabalho de forma\u00e7\u00e3o de brigadas e avalia\u00e7\u00e3o de \u00e1reas para instala\u00e7\u00e3o das bases avan\u00e7adas no Pantanal sul-mato-grossense.<\/p>\n\n\n\n<p>As atividades come\u00e7aram a ser intensificadas esta semana, inclusive com monitoramento de focos de calor para planejamento das a\u00e7\u00f5es desenvolvidas pelo SCI (Sistema de Comando de Incidentes) na Opera\u00e7\u00e3o Pantanal 2025, em parceria com o Imasul (Instituto de Meio Ambiente de Mato Grosso do Sul).<\/p>\n\n\n\n<p>\u201cA guarni\u00e7\u00e3o foi deslocada para iniciar a forma\u00e7\u00e3o de brigadas e tamb\u00e9m a avalia\u00e7\u00e3o das bases avan\u00e7adas. O Corpo de Bombeiros tem recebido solicita\u00e7\u00f5es para forma\u00e7\u00e3o de brigadas, palestras, instru\u00e7\u00e3o, relacionado aos inc\u00eandios florestais. A partir de agora a gente come\u00e7a a fazer este trabalho\u201d, explicou o major e subdiretor da DPA (Diretoria de Prote\u00e7\u00e3o Ambiental) do Corpo de Bombeiros, Eduardo Teixeira.<\/p>\n\n\n\n<p>A primeira brigada formada \u00e9 da UFMS (Universidade Federal de Mato Grosso do Sul), do Nefau (N\u00facleo de Estudos do Fogo em \u00c1reas \u00damidas), que ser\u00e1 instalada em uma propriedade particular \u2013 fazenda indicada pelo n\u00facleo \u2013 no munic\u00edpio de Corumb\u00e1.<\/p>\n\n\n\n<p>Em paralelo ao trabalho preventivo \u2013 com orienta\u00e7\u00e3o e educa\u00e7\u00e3o ambiental \u2013, tamb\u00e9m ser\u00e3o instaladas bases avan\u00e7adas, de combate aos inc\u00eandios florestais, na regi\u00e3o pantaneira, para facilitar o deslocamento das equipes e a resposta no controle das chamas, especialmente em \u00e1reas de dif\u00edcil acesso.<\/p>\n\n\n\n<p><strong>Bases avan\u00e7adas<\/strong><\/p>\n\n\n\n<figure class=\"wp-block-image\"><a href=\"https:\/\/agenciadenoticias.ms.gov.br\/wp-content\/uploads\/2025\/03\/Base-avancada-Foto-divulgacao-Bombeiros.jpeg\"><img decoding=\"async\" src=\"https:\/\/agenciadenoticias.ms.gov.br\/wp-content\/uploads\/2025\/03\/Base-avancada-Foto-divulgacao-Bombeiros.jpeg\" alt=\"\"\/><\/a><\/figure>\n\n\n\n<figure class=\"wp-block-image\"><a href=\"https:\/\/agenciadenoticias.ms.gov.br\/wp-content\/uploads\/2025\/03\/Base-avancada-Foto-divulgacao-Bombeiros1.jpeg\"><img decoding=\"async\" src=\"https:\/\/agenciadenoticias.ms.gov.br\/wp-content\/uploads\/2025\/03\/Base-avancada-Foto-divulgacao-Bombeiros1.jpeg\" alt=\"\"\/><\/a><\/figure>\n\n\n<div class=\"wp-block-image\">\n<figure class=\"aligncenter\"><a href=\"https:\/\/agenciadenoticias.ms.gov.br\/wp-content\/uploads\/2025\/03\/Base-avancada-Foto-divulgacao-Bombeiros3.jpeg\"><img decoding=\"async\" src=\"https:\/\/agenciadenoticias.ms.gov.br\/wp-content\/uploads\/2025\/03\/Base-avancada-Foto-divulgacao-Bombeiros3-1024x576.jpeg\" alt=\"\" class=\"wp-image-506032\"\/><\/a><\/figure>\n<\/div>\n\n\n<p>A instala\u00e7\u00e3o das bases avan\u00e7adas em \u00e1reas remotas no Pantanal, em Mato Grosso do Sul \u2013na TIF 2024 \u2013, ainda colabora com o trabalho preventivo do Corpo de Bombeiros. As estruturas (bases avan\u00e7adas) contam com equipes em \u00e1reas remotas e de dif\u00edcil acesso no bioma, o que contribuiu para impedir ocorr\u00eancia de focos nas regi\u00f5es onde est\u00e3o instaladas.<\/p>\n\n\n\n<p>As bases avan\u00e7adas auxiliam na atua\u00e7\u00e3o mais eficiente no bioma. Para garantir a presen\u00e7a dos bombeiros em 13 diferentes \u00e1reas, equipamentos e ve\u00edculos de combate a inc\u00eandio foram enviados em uma barca, pelo Rio Paraguai, saindo de Corumb\u00e1 \u2013 em maio de 2024.<\/p>\n\n\n\n<p>Com atua\u00e7\u00e3o planejada e organizada, o Corpo de Bombeiros desenvolve importante trabalho nas a\u00e7\u00f5es de controle e combate a inc\u00eandios florestais em todo o Estado. O apoio de diversas tecnologias contribui para a pronta resposta e efetiva extin\u00e7\u00e3o de focos \u2013 especialmente no Pantanal.<\/p>\n\n\n\n<p>As boas pr\u00e1ticas desenvolvidas em Mato Grosso do Sul, para monitoramento dos biomas e a\u00e7\u00f5es efetivas de combate a inc\u00eandios florestais contribuem de forma decisiva na preserva\u00e7\u00e3o ambiental.<\/p>\n\n\n\n<p>As a\u00e7\u00f5es do Governo do Estado s\u00e3o desenvolvidas com anteced\u00eancia devido a ocorr\u00eancia de chuvas abaixo da m\u00e9dia hist\u00f3rica em Mato Grosso do Sul, com aten\u00e7\u00e3o ao alerta de poss\u00edvel ocorr\u00eancia de inc\u00eandios florestais em todos os biomas \u2013 Pantanal, Cerrado e Mata Atl\u00e2ntica.<\/p>\n\n\n\n<p>Desde setembro de 2023 as condi\u00e7\u00f5es de seca est\u00e3o em evolu\u00e7\u00e3o no Estado, que continua com chuvas abaixo da m\u00e9dia, e apesar da ocorr\u00eancia de precipita\u00e7\u00f5es desde janeiro deste ano, a quantidade n\u00e3o \u00e9 suficiente para amenizar a seca. \u201cEstamos no per\u00edodo chuvoso, e o que se esperava eram chuvas dentro ou pr\u00f3ximo a m\u00e9dia hist\u00f3rica. Mas os dados mostram condi\u00e7\u00f5es de secas, sendo observada altas temperaturas e chuvas irregulares\u201d, disse a meteorologista e coordenadora do Cemtec (Centro de Monitoramento do Tempo e do Clima), Valesca Fernandes.<\/p>\n\n\n\n<p><em>Natalia Yahn, Comunica\u00e7\u00e3o Governo de MS<\/em><br><em>Fotos: CBMMS<\/em><\/p>\n","protected":false},"excerpt":{"rendered":"<p>Com planejamento e organiza\u00e7\u00e3o para a TIF (Temporada de Inc\u00eandios Florestais) 2025, equipes do CBM-MS (Corpo de Bombeiros Militar) j\u00e1<\/p>\n","protected":false},"author":1,"featured_media":9985,"comment_status":"open","ping_status":"open","sticky":false,"template":"","format":"standard","meta":{"footnotes":""},"categories":[2],"tags":[],"class_list":["post-9984","post","type-post","status-publish","format-standard","has-post-thumbnail","hentry","category-noticias"],"_links":{"self":[{"href":"https:\/\/jornaloalvorada.com.br\/site\/wp-json\/wp\/v2\/posts\/9984","targetHints":{"allow":["GET"]}}],"collection":[{"href":"https:\/\/jornaloalvorada.com.br\/site\/wp-json\/wp\/v2\/posts"}],"about":[{"href":"https:\/\/jornaloalvorada.com.br\/site\/wp-json\/wp\/v2\/types\/post"}],"author":[{"embeddable":true,"href":"https:\/\/jornaloalvorada.com.br\/site\/wp-json\/wp\/v2\/users\/1"}],"replies":[{"embeddable":true,"href":"https:\/\/jornaloalvorada.com.br\/site\/wp-json\/wp\/v2\/comments?post=9984"}],"version-history":[{"count":1,"href":"https:\/\/jornaloalvorada.com.br\/site\/wp-json\/wp\/v2\/posts\/9984\/revisions"}],"predecessor-version":[{"id":9986,"href":"https:\/\/jornaloalvorada.com.br\/site\/wp-json\/wp\/v2\/posts\/9984\/revisions\/9986"}],"wp:featuredmedia":[{"embeddable":true,"href":"https:\/\/jornaloalvorada.com.br\/site\/wp-json\/wp\/v2\/media\/9985"}],"wp:attachment":[{"href":"https:\/\/jornaloalvorada.com.br\/site\/wp-json\/wp\/v2\/media?parent=9984"}],"wp:term":[{"taxonomy":"category","embeddable":true,"href":"https:\/\/jornaloalvorada.com.br\/site\/wp-json\/wp\/v2\/categories?post=9984"},{"taxonomy":"post_tag","embeddable":true,"href":"https:\/\/jornaloalvorada.com.br\/site\/wp-json\/wp\/v2\/tags?post=9984"}],"curies":[{"name":"wp","href":"https:\/\/api.w.org\/{rel}","templated":true}]}}