{"id":9973,"date":"2025-03-21T14:07:46","date_gmt":"2025-03-21T18:07:46","guid":{"rendered":"https:\/\/jornaloalvorada.com.br\/site\/?p=9973"},"modified":"2025-03-21T14:07:48","modified_gmt":"2025-03-21T18:07:48","slug":"termina-hoje-prazo-para-empresas-negociarem-divida-com-uniao","status":"publish","type":"post","link":"https:\/\/jornaloalvorada.com.br\/site\/2025\/03\/21\/termina-hoje-prazo-para-empresas-negociarem-divida-com-uniao\/","title":{"rendered":"Termina hoje prazo para empresas negociarem d\u00edvida com Uni\u00e3o"},"content":{"rendered":"\n<p>Termina nesta sexta-feira (21) o prazo para que empresas com d\u00edvida ativa com a\u00a0Uni\u00e3o\u00a0de valor inferior a R$ 45 milh\u00f5es aproveitem as\u00a0condi\u00e7\u00f5es especiais para regulariza\u00e7\u00e3o de d\u00e9bitos.<img decoding=\"async\" src=\"https:\/\/agenciabrasil.ebc.com.br\/ebc.png?id=1635530&amp;o=node\"><img decoding=\"async\" src=\"https:\/\/agenciabrasil.ebc.com.br\/ebc.gif?id=1635530&amp;o=node\"><\/p>\n\n\n\n<p>A iniciativa faz parte da Semana Nacional de Regulariza\u00e7\u00e3o Tribut\u00e1ria, promovida pela Procuradoria-Geral da Fazenda Nacional (PGFN) e pelo Conselho Nacional de Justi\u00e7a (CNJ).<\/p>\n\n\n\n<p>A ades\u00e3o deve ser feita exclusivamente pelo <a href=\"https:\/\/www.regularize.pgfn.gov.br\/\" target=\"_blank\" rel=\"noreferrer noopener\">site Regularize<\/a>. O desconto pode chegar a\u00a065% dos juros, multas e encargos. O valor devido pode ser parcelado em at\u00e9\u00a0114 parcelas mensais.<\/p>\n\n\n\n<p>Segundo o CNJ,&nbsp;a negocia\u00e7\u00e3o pode ser feita inclusive nos casos em que houver processos judiciais em andamento,&nbsp;ou nos casos em que&nbsp;parcelamentos anteriores tenham sido cancelados ou com a cobran\u00e7a temporariamente suspensa.<\/p>\n\n\n\n<p>\u201cInstaurada em 2020, a transa\u00e7\u00e3o tribut\u00e1ria foi concebida como uma pol\u00edtica p\u00fablica de fiscalidade, buscando a regulariza\u00e7\u00e3o consensual de d\u00e9bitos considerados de dif\u00edcil recupera\u00e7\u00e3o ou que o contribuinte n\u00e3o tenha total capacidade de pagamento para cumprir suas obriga\u00e7\u00f5es\u201d, informou o CNJ.<\/p>\n\n\n\n<p>A ideia \u00e9 a de, por meio da renegocia\u00e7\u00e3o em melhores condi\u00e7\u00f5es,&nbsp;viabilizar o funcionamento das empresas, de forma a preservar empregos, estimular&nbsp;a economia e garantir dinheiro para pol\u00edticas p\u00fablicos.<\/p>\n\n\n\n<p><strong><em>Fonte: Ag\u00eancia Brasil<\/em><\/strong><\/p>\n","protected":false},"excerpt":{"rendered":"<p>Termina nesta sexta-feira (21) o prazo para que empresas com d\u00edvida ativa com a\u00a0Uni\u00e3o\u00a0de valor inferior a R$ 45 milh\u00f5es<\/p>\n","protected":false},"author":1,"featured_media":9069,"comment_status":"open","ping_status":"open","sticky":false,"template":"","format":"standard","meta":{"footnotes":""},"categories":[2],"tags":[],"class_list":["post-9973","post","type-post","status-publish","format-standard","has-post-thumbnail","hentry","category-noticias"],"_links":{"self":[{"href":"https:\/\/jornaloalvorada.com.br\/site\/wp-json\/wp\/v2\/posts\/9973","targetHints":{"allow":["GET"]}}],"collection":[{"href":"https:\/\/jornaloalvorada.com.br\/site\/wp-json\/wp\/v2\/posts"}],"about":[{"href":"https:\/\/jornaloalvorada.com.br\/site\/wp-json\/wp\/v2\/types\/post"}],"author":[{"embeddable":true,"href":"https:\/\/jornaloalvorada.com.br\/site\/wp-json\/wp\/v2\/users\/1"}],"replies":[{"embeddable":true,"href":"https:\/\/jornaloalvorada.com.br\/site\/wp-json\/wp\/v2\/comments?post=9973"}],"version-history":[{"count":1,"href":"https:\/\/jornaloalvorada.com.br\/site\/wp-json\/wp\/v2\/posts\/9973\/revisions"}],"predecessor-version":[{"id":9974,"href":"https:\/\/jornaloalvorada.com.br\/site\/wp-json\/wp\/v2\/posts\/9973\/revisions\/9974"}],"wp:featuredmedia":[{"embeddable":true,"href":"https:\/\/jornaloalvorada.com.br\/site\/wp-json\/wp\/v2\/media\/9069"}],"wp:attachment":[{"href":"https:\/\/jornaloalvorada.com.br\/site\/wp-json\/wp\/v2\/media?parent=9973"}],"wp:term":[{"taxonomy":"category","embeddable":true,"href":"https:\/\/jornaloalvorada.com.br\/site\/wp-json\/wp\/v2\/categories?post=9973"},{"taxonomy":"post_tag","embeddable":true,"href":"https:\/\/jornaloalvorada.com.br\/site\/wp-json\/wp\/v2\/tags?post=9973"}],"curies":[{"name":"wp","href":"https:\/\/api.w.org\/{rel}","templated":true}]}}