{"id":9970,"date":"2025-03-21T14:05:36","date_gmt":"2025-03-21T18:05:36","guid":{"rendered":"https:\/\/jornaloalvorada.com.br\/site\/?p=9970"},"modified":"2025-03-21T14:05:38","modified_gmt":"2025-03-21T18:05:38","slug":"fidi-2025-bonito-reafirma-destaque-mundial-em-sustentabilidade-com-certificacao-de-carbono-neutro","status":"publish","type":"post","link":"https:\/\/jornaloalvorada.com.br\/site\/2025\/03\/21\/fidi-2025-bonito-reafirma-destaque-mundial-em-sustentabilidade-com-certificacao-de-carbono-neutro\/","title":{"rendered":"FIDI 2025: Bonito reafirma destaque mundial em sustentabilidade com certifica\u00e7\u00e3o de Carbono Neutro"},"content":{"rendered":"\n<p>Bonito reafirmou sua posi\u00e7\u00e3o como refer\u00eancia mundial em turismo sustent\u00e1vel durante a FIDI (Feira Internacional de Destinos Inteligentes) 2025. O munic\u00edpio recebeu, nesta quarta-feira (19), a Certifica\u00e7\u00e3o Carbono Neutro, reconhecimento concedido pela Organiza\u00e7\u00e3o Internacional Green Initiative. A certifica\u00e7\u00e3o destaca Bonito como o primeiro destino de ecoturismo do mundo a alcan\u00e7ar esse status, consolidando-se como exemplo de inova\u00e7\u00e3o e compromisso ambiental no setor tur\u00edstico global.<\/p>\n\n\n\n<p>A FIDI 2025, organizada pelo Instituto Cidades do Futuro, com apoio do Governo de Mato Grosso do Sul, por meio da Fundtur (Funda\u00e7\u00e3o de Turismo) e Setesc (Secretaria de Estado de Turismo, Esporte e Cultura), ocorre entre os dias 19 e 22 de mar\u00e7o e re\u00fane autoridades p\u00fablicas, empresas, institui\u00e7\u00f5es e l\u00edderes de turismo e tecnologia de diversas partes do mundo.<\/p>\n\n\n\n<p>O evento objetiva compartilhar pr\u00e1ticas e conhecimentos sobre o conceito de destino inteligente, promovendo iniciativas que tornem o turismo de Mato Grosso do Sul cada vez mais inovador, tecnol\u00f3gico e sustent\u00e1vel.<\/p>\n\n\n\n<p>O governador de Mato Grosso do Sul, Eduardo Riedel, destacou a import\u00e2ncia de alinhar desenvolvimento econ\u00f4mico e preserva\u00e7\u00e3o ambiental. &#8220;Estamos em um estado que tem, por ess\u00eancia, a produ\u00e7\u00e3o, o desenvolvimento e o crescimento. E quando fazemos isso demonstrando, de forma clara, que nossa agenda ambiental e nossa agenda de desenvolvimento t\u00eam uma correla\u00e7\u00e3o positiva, com metas bem definidas para neutralizar nossas emiss\u00f5es at\u00e9 2030, mostramos que \u00e9 poss\u00edvel crescer e se desenvolver com respeito ao meio ambiente&#8221;.<\/p>\n\n\n\n<figure class=\"wp-block-image\"><a href=\"https:\/\/agenciadenoticias.ms.gov.br\/fidi-2025-bonito-reafirma-destaque-mundial-em-sustentabilidade-com-certificacao-de-carbono-neutro\/dsc_7962\/\"><img decoding=\"async\" src=\"https:\/\/agenciadenoticias.ms.gov.br\/wp-content\/uploads\/2025\/03\/DSC_7962-1024x682.jpg\" alt=\"\"\/><\/a><\/figure>\n\n\n\n<figure class=\"wp-block-image\"><a href=\"https:\/\/agenciadenoticias.ms.gov.br\/fidi-2025-bonito-reafirma-destaque-mundial-em-sustentabilidade-com-certificacao-de-carbono-neutro\/img_8076\/\"><img decoding=\"async\" src=\"https:\/\/agenciadenoticias.ms.gov.br\/wp-content\/uploads\/2025\/03\/IMG_8076-1024x576.jpg\" alt=\"\"\/><\/a><\/figure>\n\n\n\n<figure class=\"wp-block-image\"><a href=\"https:\/\/agenciadenoticias.ms.gov.br\/fidi-2025-bonito-reafirma-destaque-mundial-em-sustentabilidade-com-certificacao-de-carbono-neutro\/img_8230\/\"><img decoding=\"async\" src=\"https:\/\/agenciadenoticias.ms.gov.br\/wp-content\/uploads\/2025\/03\/IMG_8230-1024x682.jpg\" alt=\"\"\/><\/a><\/figure>\n\n\n\n<p>Ele tamb\u00e9m ressaltou o compromisso do estado com a preserva\u00e7\u00e3o da biodiversidade.&nbsp;&#8220;No dia 27, teremos o lan\u00e7amento do Pacto pelo Pantanal, uma iniciativa absolutamente inovadora entre todos os biomas brasileiros, que reafirma nosso compromisso com a preserva\u00e7\u00e3o da biodiversidade, o equil\u00edbrio do carbono e a manuten\u00e7\u00e3o dos mananciais de \u00e1gua, sem abrir m\u00e3o do desenvolvimento. Ali\u00e1s, Mato Grosso do Sul tem a proje\u00e7\u00e3o de ser o estado que mais crescer\u00e1 no Brasil em 2025, comprovando que crescimento e sustentabilidade podem, sim, caminhar juntos&#8221;.<\/p>\n\n\n\n<p>O diretor-presidente da Fundtur, Bruno Wendling, ressaltou a relev\u00e2ncia de Bonito como sede da FIDI 2025. &#8220;Estamos muito felizes de trazer esse evento para Bonito, que j\u00e1 foi eleito dezoito vezes como o melhor destino de ecoturismo do Brasil. O evento refor\u00e7a nosso foco na governan\u00e7a, sustentabilidade, parcerias p\u00fablicas e privadas, tecnologia, inova\u00e7\u00e3o e economia criativa. Queremos mostrar isso para o mundo.<\/p>\n\n\n\n<p>Titular da Setesc, Marcelo Miranda tamb\u00e9m enfatizou a import\u00e2ncia desse reconhecimento para Bonito e para o estado. &#8220;A certifica\u00e7\u00e3o Carbono Neutro n\u00e3o \u00e9 apenas um t\u00edtulo, mas o reflexo de um compromisso s\u00f3lido com o futuro do turismo. Bonito demonstra ao mundo que \u00e9 poss\u00edvel conciliar preserva\u00e7\u00e3o ambiental, inova\u00e7\u00e3o e desenvolvimento econ\u00f4mico, servindo de inspira\u00e7\u00e3o para outros destinos que buscam um modelo sustent\u00e1vel. Nosso desafio agora \u00e9 expandir essa mentalidade para outros polos tur\u00edsticos de Mato Grosso do Sul&#8221;.<\/p>\n\n\n\n<figure class=\"wp-block-image\"><a href=\"https:\/\/agenciadenoticias.ms.gov.br\/fidi-2025-bonito-reafirma-destaque-mundial-em-sustentabilidade-com-certificacao-de-carbono-neutro\/img_8186\/\"><img decoding=\"async\" src=\"https:\/\/agenciadenoticias.ms.gov.br\/wp-content\/uploads\/2025\/03\/IMG_8186-1024x682.jpg\" alt=\"\"\/><\/a><\/figure>\n\n\n\n<figure class=\"wp-block-image\"><a href=\"https:\/\/agenciadenoticias.ms.gov.br\/fidi-2025-bonito-reafirma-destaque-mundial-em-sustentabilidade-com-certificacao-de-carbono-neutro\/img_8232\/\"><img decoding=\"async\" src=\"https:\/\/agenciadenoticias.ms.gov.br\/wp-content\/uploads\/2025\/03\/IMG_8232-1024x682.jpg\" alt=\"\"\/><\/a><\/figure>\n\n\n\n<figure class=\"wp-block-image\"><a href=\"https:\/\/agenciadenoticias.ms.gov.br\/fidi-2025-bonito-reafirma-destaque-mundial-em-sustentabilidade-com-certificacao-de-carbono-neutro\/img_8220-2\/\"><img decoding=\"async\" src=\"https:\/\/agenciadenoticias.ms.gov.br\/wp-content\/uploads\/2025\/03\/IMG_8220-1024x682.jpg\" alt=\"\"\/><\/a><\/figure>\n\n\n\n<p>Para o coordenador-geral da FIDI e vice-presidente da Rede Ibero-Americana de Destinos Inteligentes, Gonzalo La Rosa, a realiza\u00e7\u00e3o da feira em Bonito fortalece a proposta do evento. &#8220;O Bruno trouxe a oportunidade de aplicar essa metodologia da FIDI a um destino de natureza, completamente diferente, mas que segue os mesmos princ\u00edpios. Este \u00e9 um lugar que atrai muitos visitantes por seus atrativos naturais e se destaca pela seguran\u00e7a, certifica\u00e7\u00f5es, infraestrutura e diversas outras qualidades que garantem o sucesso desse modelo. Por isso, este momento \u00e9 t\u00e3o significativo. Todos que est\u00e3o aqui hoje poder\u00e3o vivenciar essa experi\u00eancia, que, embora distinta da de Curitiba, adota a mesma metodologia. E \u00e9 exatamente por isso que trazer o evento para c\u00e1 fez tanto sentido&#8221;.<\/p>\n\n\n\n<p><em>Bel Manvailer, Comunica\u00e7\u00e3o Setesc<\/em><br><em>Fotos: Lucas Castro\/Setesc<\/em><\/p>\n","protected":false},"excerpt":{"rendered":"<p>Bonito reafirmou sua posi\u00e7\u00e3o como refer\u00eancia mundial em turismo sustent\u00e1vel durante a FIDI (Feira Internacional de Destinos Inteligentes) 2025. O<\/p>\n","protected":false},"author":1,"featured_media":9971,"comment_status":"open","ping_status":"open","sticky":false,"template":"","format":"standard","meta":{"footnotes":""},"categories":[2],"tags":[],"class_list":["post-9970","post","type-post","status-publish","format-standard","has-post-thumbnail","hentry","category-noticias"],"_links":{"self":[{"href":"https:\/\/jornaloalvorada.com.br\/site\/wp-json\/wp\/v2\/posts\/9970","targetHints":{"allow":["GET"]}}],"collection":[{"href":"https:\/\/jornaloalvorada.com.br\/site\/wp-json\/wp\/v2\/posts"}],"about":[{"href":"https:\/\/jornaloalvorada.com.br\/site\/wp-json\/wp\/v2\/types\/post"}],"author":[{"embeddable":true,"href":"https:\/\/jornaloalvorada.com.br\/site\/wp-json\/wp\/v2\/users\/1"}],"replies":[{"embeddable":true,"href":"https:\/\/jornaloalvorada.com.br\/site\/wp-json\/wp\/v2\/comments?post=9970"}],"version-history":[{"count":1,"href":"https:\/\/jornaloalvorada.com.br\/site\/wp-json\/wp\/v2\/posts\/9970\/revisions"}],"predecessor-version":[{"id":9972,"href":"https:\/\/jornaloalvorada.com.br\/site\/wp-json\/wp\/v2\/posts\/9970\/revisions\/9972"}],"wp:featuredmedia":[{"embeddable":true,"href":"https:\/\/jornaloalvorada.com.br\/site\/wp-json\/wp\/v2\/media\/9971"}],"wp:attachment":[{"href":"https:\/\/jornaloalvorada.com.br\/site\/wp-json\/wp\/v2\/media?parent=9970"}],"wp:term":[{"taxonomy":"category","embeddable":true,"href":"https:\/\/jornaloalvorada.com.br\/site\/wp-json\/wp\/v2\/categories?post=9970"},{"taxonomy":"post_tag","embeddable":true,"href":"https:\/\/jornaloalvorada.com.br\/site\/wp-json\/wp\/v2\/tags?post=9970"}],"curies":[{"name":"wp","href":"https:\/\/api.w.org\/{rel}","templated":true}]}}