{"id":9964,"date":"2025-03-21T13:58:31","date_gmt":"2025-03-21T17:58:31","guid":{"rendered":"https:\/\/jornaloalvorada.com.br\/site\/?p=9964"},"modified":"2025-03-21T13:58:56","modified_gmt":"2025-03-21T17:58:56","slug":"prefeito-jose-paleari-anuncia-que-nos-proximos-dias-sera-instalada-a-1a-casa-do-idoso-no-municipio","status":"publish","type":"post","link":"https:\/\/jornaloalvorada.com.br\/site\/2025\/03\/21\/prefeito-jose-paleari-anuncia-que-nos-proximos-dias-sera-instalada-a-1a-casa-do-idoso-no-municipio\/","title":{"rendered":"Prefeito Jos\u00e9 Paleari anuncia que nos pr\u00f3ximos dias ser\u00e1 instalada a 1\u00aa Casa do Idoso no munic\u00edpio"},"content":{"rendered":"\n<p>Importante not\u00edcia para Nova Alvorada do Sul.<\/p>\n\n\n\n<p>Estamos recebendo no gabinete o casal de parceiros Jeferson e Suelen, que v\u00e3o instalar nos pr\u00f3ximos dias, a 1 casa do idoso do nosso munic\u00edpio.<\/p>\n\n\n\n<p>Casa do Idoso Boa Esperan\u00e7a.<\/p>\n\n\n\n<iframe loading=\"lazy\" src=\"https:\/\/www.facebook.com\/plugins\/video.php?height=314&#038;href=https%3A%2F%2Fwww.facebook.com%2Fjppaleari%2Fvideos%2F1662935617654526%2F&#038;show_text=false&#038;width=560&#038;t=0\" width=\"560\" height=\"314\" style=\"border:none;overflow:hidden\" scrolling=\"no\" frameborder=\"0\" allowfullscreen=\"true\" allow=\"autoplay; clipboard-write; encrypted-media; picture-in-picture; web-share\" allowFullScreen=\"true\"><\/iframe>\n","protected":false},"excerpt":{"rendered":"<p>Importante not\u00edcia para Nova Alvorada do Sul. Estamos recebendo no gabinete o casal de parceiros Jeferson e Suelen, que v\u00e3o<\/p>\n","protected":false},"author":1,"featured_media":9965,"comment_status":"open","ping_status":"open","sticky":false,"template":"","format":"standard","meta":{"footnotes":""},"categories":[2],"tags":[],"class_list":["post-9964","post","type-post","status-publish","format-standard","has-post-thumbnail","hentry","category-noticias"],"_links":{"self":[{"href":"https:\/\/jornaloalvorada.com.br\/site\/wp-json\/wp\/v2\/posts\/9964","targetHints":{"allow":["GET"]}}],"collection":[{"href":"https:\/\/jornaloalvorada.com.br\/site\/wp-json\/wp\/v2\/posts"}],"about":[{"href":"https:\/\/jornaloalvorada.com.br\/site\/wp-json\/wp\/v2\/types\/post"}],"author":[{"embeddable":true,"href":"https:\/\/jornaloalvorada.com.br\/site\/wp-json\/wp\/v2\/users\/1"}],"replies":[{"embeddable":true,"href":"https:\/\/jornaloalvorada.com.br\/site\/wp-json\/wp\/v2\/comments?post=9964"}],"version-history":[{"count":1,"href":"https:\/\/jornaloalvorada.com.br\/site\/wp-json\/wp\/v2\/posts\/9964\/revisions"}],"predecessor-version":[{"id":9966,"href":"https:\/\/jornaloalvorada.com.br\/site\/wp-json\/wp\/v2\/posts\/9964\/revisions\/9966"}],"wp:featuredmedia":[{"embeddable":true,"href":"https:\/\/jornaloalvorada.com.br\/site\/wp-json\/wp\/v2\/media\/9965"}],"wp:attachment":[{"href":"https:\/\/jornaloalvorada.com.br\/site\/wp-json\/wp\/v2\/media?parent=9964"}],"wp:term":[{"taxonomy":"category","embeddable":true,"href":"https:\/\/jornaloalvorada.com.br\/site\/wp-json\/wp\/v2\/categories?post=9964"},{"taxonomy":"post_tag","embeddable":true,"href":"https:\/\/jornaloalvorada.com.br\/site\/wp-json\/wp\/v2\/tags?post=9964"}],"curies":[{"name":"wp","href":"https:\/\/api.w.org\/{rel}","templated":true}]}}