{"id":9955,"date":"2025-03-20T08:12:07","date_gmt":"2025-03-20T12:12:07","guid":{"rendered":"https:\/\/jornaloalvorada.com.br\/site\/?p=9955"},"modified":"2025-03-20T08:12:36","modified_gmt":"2025-03-20T12:12:36","slug":"vereador-renilson-cesar-apresenta-mocao-de-congratulacao-ao-pastor-laercio-bento-alves","status":"publish","type":"post","link":"https:\/\/jornaloalvorada.com.br\/site\/2025\/03\/20\/vereador-renilson-cesar-apresenta-mocao-de-congratulacao-ao-pastor-laercio-bento-alves\/","title":{"rendered":"Vereador Renilson Cesar apresenta Mo\u00e7\u00e3o de Congratula\u00e7\u00e3o ao Pastor Laercio Bento Alves"},"content":{"rendered":"\n<p>Na sess\u00e3o da \u00faltima ter\u00e7a feira (18), na Camara de Vereadores, tive o privil\u00e9gio de apresentar Mo\u00e7\u00e3o de Congratula\u00e7\u00e3o ao Pastor <a href=\"https:\/\/www.facebook.com\/laerciobento.alves?__cft__[0]=AZU8uiBZVs-1XUrhCtUh23bKQkpNuw9IkXD9cgH8ETJEvgqn-8UpNqu-IcaomiZ63eMRWZtByjp7g5AUopl4S194M8PzWwPDWSMLjH3qgRCTbIabGx9DHiMjv5SFZE93QXI&amp;__tn__=-]K-R\">Laercio Bento Alves<\/a> pelas seus 18 anos a frente da Igreja Assembl\u00e9ia de Deus Miss\u00f5es Mato Grosso do Sul em nosso munic\u00edpio, no qual foi aprovada por todos os vereadores, foi com satisfa\u00e7\u00e3o que pude homenagear esse homem que tem relevantes servi\u00e7os prestados para comunidade Crist\u00e3 de nossa cidade, Pastor La\u00e9rcio est\u00e1 nos deixando e indo atender a um chamado na cidade de Jardim MS , com certeza deixar\u00e1 saudades quero desejar sucesso nessa nova miss\u00e3o e que Deus continue o aben\u00e7oando sempre ele e fam\u00edlia. <a href=\"https:\/\/www.facebook.com\/sandra.espacomulher?__cft__[0]=AZU8uiBZVs-1XUrhCtUh23bKQkpNuw9IkXD9cgH8ETJEvgqn-8UpNqu-IcaomiZ63eMRWZtByjp7g5AUopl4S194M8PzWwPDWSMLjH3qgRCTbIabGx9DHiMjv5SFZE93QXI&amp;__tn__=-]K-R\">Sandra Espa\u00e7o Mulher<\/a>.<\/p>\n\n\n\n<figure class=\"wp-block-image size-large\"><img loading=\"lazy\" decoding=\"async\" width=\"1024\" height=\"683\" src=\"https:\/\/jornaloalvorada.com.br\/site\/wp-content\/uploads\/2025\/03\/485376905_3715812968563160_283719135642252723_n-1024x683.jpg\" alt=\"\" class=\"wp-image-9958\" srcset=\"https:\/\/jornaloalvorada.com.br\/site\/wp-content\/uploads\/2025\/03\/485376905_3715812968563160_283719135642252723_n-1024x683.jpg 1024w, https:\/\/jornaloalvorada.com.br\/site\/wp-content\/uploads\/2025\/03\/485376905_3715812968563160_283719135642252723_n-300x200.jpg 300w, https:\/\/jornaloalvorada.com.br\/site\/wp-content\/uploads\/2025\/03\/485376905_3715812968563160_283719135642252723_n-768x512.jpg 768w, https:\/\/jornaloalvorada.com.br\/site\/wp-content\/uploads\/2025\/03\/485376905_3715812968563160_283719135642252723_n-1536x1025.jpg 1536w, https:\/\/jornaloalvorada.com.br\/site\/wp-content\/uploads\/2025\/03\/485376905_3715812968563160_283719135642252723_n.jpg 2048w\" sizes=\"auto, (max-width: 1024px) 100vw, 1024px\" \/><\/figure>\n\n\n\n<figure class=\"wp-block-image size-full\"><img loading=\"lazy\" decoding=\"async\" width=\"960\" height=\"720\" src=\"https:\/\/jornaloalvorada.com.br\/site\/wp-content\/uploads\/2025\/03\/484830915_3715812895229834_1818899791257743584_n.jpg\" alt=\"\" class=\"wp-image-9959\" srcset=\"https:\/\/jornaloalvorada.com.br\/site\/wp-content\/uploads\/2025\/03\/484830915_3715812895229834_1818899791257743584_n.jpg 960w, https:\/\/jornaloalvorada.com.br\/site\/wp-content\/uploads\/2025\/03\/484830915_3715812895229834_1818899791257743584_n-300x225.jpg 300w, https:\/\/jornaloalvorada.com.br\/site\/wp-content\/uploads\/2025\/03\/484830915_3715812895229834_1818899791257743584_n-768x576.jpg 768w\" sizes=\"auto, (max-width: 960px) 100vw, 960px\" \/><\/figure>\n","protected":false},"excerpt":{"rendered":"<p>Na sess\u00e3o da \u00faltima ter\u00e7a feira (18), na Camara de Vereadores, tive o privil\u00e9gio de apresentar Mo\u00e7\u00e3o de Congratula\u00e7\u00e3o ao<\/p>\n","protected":false},"author":1,"featured_media":9956,"comment_status":"open","ping_status":"open","sticky":false,"template":"","format":"standard","meta":{"footnotes":""},"categories":[2],"tags":[],"class_list":["post-9955","post","type-post","status-publish","format-standard","has-post-thumbnail","hentry","category-noticias"],"_links":{"self":[{"href":"https:\/\/jornaloalvorada.com.br\/site\/wp-json\/wp\/v2\/posts\/9955","targetHints":{"allow":["GET"]}}],"collection":[{"href":"https:\/\/jornaloalvorada.com.br\/site\/wp-json\/wp\/v2\/posts"}],"about":[{"href":"https:\/\/jornaloalvorada.com.br\/site\/wp-json\/wp\/v2\/types\/post"}],"author":[{"embeddable":true,"href":"https:\/\/jornaloalvorada.com.br\/site\/wp-json\/wp\/v2\/users\/1"}],"replies":[{"embeddable":true,"href":"https:\/\/jornaloalvorada.com.br\/site\/wp-json\/wp\/v2\/comments?post=9955"}],"version-history":[{"count":2,"href":"https:\/\/jornaloalvorada.com.br\/site\/wp-json\/wp\/v2\/posts\/9955\/revisions"}],"predecessor-version":[{"id":9960,"href":"https:\/\/jornaloalvorada.com.br\/site\/wp-json\/wp\/v2\/posts\/9955\/revisions\/9960"}],"wp:featuredmedia":[{"embeddable":true,"href":"https:\/\/jornaloalvorada.com.br\/site\/wp-json\/wp\/v2\/media\/9956"}],"wp:attachment":[{"href":"https:\/\/jornaloalvorada.com.br\/site\/wp-json\/wp\/v2\/media?parent=9955"}],"wp:term":[{"taxonomy":"category","embeddable":true,"href":"https:\/\/jornaloalvorada.com.br\/site\/wp-json\/wp\/v2\/categories?post=9955"},{"taxonomy":"post_tag","embeddable":true,"href":"https:\/\/jornaloalvorada.com.br\/site\/wp-json\/wp\/v2\/tags?post=9955"}],"curies":[{"name":"wp","href":"https:\/\/api.w.org\/{rel}","templated":true}]}}