{"id":9947,"date":"2025-03-19T06:48:00","date_gmt":"2025-03-19T10:48:00","guid":{"rendered":"https:\/\/jornaloalvorada.com.br\/site\/?p=9947"},"modified":"2025-03-19T09:50:11","modified_gmt":"2025-03-19T13:50:11","slug":"vereadores-cobram-solucoes-urgentes-para-os-problemas-da-br-163-em-sessao-da-camara","status":"publish","type":"post","link":"https:\/\/jornaloalvorada.com.br\/site\/2025\/03\/19\/vereadores-cobram-solucoes-urgentes-para-os-problemas-da-br-163-em-sessao-da-camara\/","title":{"rendered":"Vereadores cobram solu\u00e7\u00f5es urgentes para os problemas da BR-163 em sess\u00e3o da C\u00e2mara"},"content":{"rendered":"\n<p>Na 7\u00aa Sess\u00e3o Ordin\u00e1ria da C\u00e2mara Municipal de Nova Alvorada do Sul, realizada nesta ter\u00e7a-feira, 18 de mar\u00e7o de 2025, os vereadores mais uma vez se uniram para defender os interesses da popula\u00e7\u00e3o. O vereador Rodrigo Ortega (PL) apresentou um requerimento solicitando a realiza\u00e7\u00e3o de uma Audi\u00eancia P\u00fablica para discutir os problemas da BR-163, rodovia administrada pela CCR\/MS Via. A iniciativa recebeu apoio un\u00e2nime de todos os vereadores, que assinaram o pedido para dar mais for\u00e7a \u00e0 cobran\u00e7a.<\/p>\n\n\n\n<p>O objetivo \u00e9 pressionar a concession\u00e1ria a resolver graves falhas estruturais na rodovia, que colocam em risco a seguran\u00e7a de motoristas e passageiros, al\u00e9m de afetar diretamente a economia local. A audi\u00eancia foi sugerida para o dia 11 de abril de 2025, \u00e0s 19h, e contar\u00e1 com a presen\u00e7a do Deputado Federal Marcos Pollon, que poder\u00e1 levar as reivindica\u00e7\u00f5es da cidade ao Congresso Nacional e demais autoridades respons\u00e1veis.<\/p>\n\n\n\n<p><strong>Vereadora Andrea Fim alerta para dificuldades de comerciantes em alugar im\u00f3veis.<\/strong><\/p>\n\n\n\n<p>Durante a sess\u00e3o, a vereadora Andrea Fim chamou a aten\u00e7\u00e3o para os impactos negativos causados pelas mudan\u00e7as na BR-163, principalmente na regi\u00e3o conhecida como \u201cVila Velha\u201d. Segundo ela, muitos comerciantes est\u00e3o enfrentando dificuldades para alugar seus im\u00f3veis, pois a altera\u00e7\u00e3o no tr\u00e1fego reduziu consideravelmente o movimento na \u00e1rea.<\/p>\n\n\n\n<p>Al\u00e9m disso, a falta de acesso adequado tem levado propriet\u00e1rios a colocar seus im\u00f3veis \u00e0 venda por pre\u00e7os muito abaixo do mercado, j\u00e1 que o com\u00e9rcio na regi\u00e3o foi diretamente afetado. A preocupa\u00e7\u00e3o dos vereadores \u00e9 que esse cen\u00e1rio leve a uma desvaloriza\u00e7\u00e3o ainda maior da \u00e1rea e ao fechamento de mais neg\u00f3cios, prejudicando a economia local.<\/p>\n\n\n\n<p><strong>Vereador N\u00e9lio pede convoca\u00e7\u00e3o de representante da ANTT.<\/strong><\/p>\n\n\n\n<p>O vereador N\u00e9lio destacou a import\u00e2ncia de convocar um representante da Ag\u00eancia Nacional de Transportes Terrestres (ANTT) para a Audi\u00eancia P\u00fablica. Ele ressaltou que a ANTT \u00e9 a respons\u00e1vel por fiscalizar as concess\u00f5es rodovi\u00e1rias e precisa ouvir as demandas da popula\u00e7\u00e3o.<\/p>\n\n\n\n<p>Segundo ele, a presen\u00e7a de um representante da ag\u00eancia seria fundamental para garantir que as reclama\u00e7\u00f5es dos moradores e comerciantes n\u00e3o sejam ignoradas, al\u00e9m de pressionar a CCR\/MS Via a cumprir suas responsabilidades.<\/p>\n\n\n\n<p><strong>Vereador Rones alerta para os constantes acidentes no trecho da Dona Ziza.<\/strong><\/p>\n\n\n\n<p>Outro ponto de grande preocupa\u00e7\u00e3o foi levantado pelo vereador Rones, que citou o trecho da Dona Ziza, um ponto cr\u00edtico da BR-163 onde acidentes fatais ocorrem com frequ\u00eancia, mas nenhuma provid\u00eancia foi tomada at\u00e9 agora.<\/p>\n\n\n\n<p>O vereador ressaltou que, apesar das trag\u00e9dias recorrentes, nenhuma a\u00e7\u00e3o efetiva foi implementada para melhorar a seguran\u00e7a no local, demonstrando neglig\u00eancia por parte da CCR e dos \u00f3rg\u00e3os respons\u00e1veis.<\/p>\n\n\n\n<p><strong>C\u00e2mara unida em defesa da popula\u00e7\u00e3o.<\/strong><\/p>\n\n\n\n<p>A uni\u00e3o dos vereadores nesse requerimento mostra que a C\u00e2mara est\u00e1 comprometida com a luta pela melhoria da infraestrutura da BR-163 e n\u00e3o aceitar\u00e1 que os problemas sejam ignorados. A realiza\u00e7\u00e3o da audi\u00eancia p\u00fablica ser\u00e1 um passo fundamental para cobrar provid\u00eancias urgentes da CCR\/MS Via e das autoridades fiscalizadoras.<\/p>\n\n\n\n<p>A popula\u00e7\u00e3o \u00e9 convidada a acompanhar de perto essa discuss\u00e3o e se unir aos vereadores nessa reivindica\u00e7\u00e3o. Quanto maior for o engajamento, mais press\u00e3o ser\u00e1 feita para garantir melhorias na rodovia e proteger a economia local.<\/p>\n\n\n\n<p>Compartilhe essa not\u00edcia! Vamos juntos lutar por uma BR-163 mais segura e por um com\u00e9rcio local forte e valorizado!<\/p>\n","protected":false},"excerpt":{"rendered":"<p>Na 7\u00aa Sess\u00e3o Ordin\u00e1ria da C\u00e2mara Municipal de Nova Alvorada do Sul, realizada nesta ter\u00e7a-feira, 18 de mar\u00e7o de 2025,<\/p>\n","protected":false},"author":1,"featured_media":9948,"comment_status":"open","ping_status":"open","sticky":false,"template":"","format":"standard","meta":{"footnotes":""},"categories":[2],"tags":[],"class_list":["post-9947","post","type-post","status-publish","format-standard","has-post-thumbnail","hentry","category-noticias"],"_links":{"self":[{"href":"https:\/\/jornaloalvorada.com.br\/site\/wp-json\/wp\/v2\/posts\/9947","targetHints":{"allow":["GET"]}}],"collection":[{"href":"https:\/\/jornaloalvorada.com.br\/site\/wp-json\/wp\/v2\/posts"}],"about":[{"href":"https:\/\/jornaloalvorada.com.br\/site\/wp-json\/wp\/v2\/types\/post"}],"author":[{"embeddable":true,"href":"https:\/\/jornaloalvorada.com.br\/site\/wp-json\/wp\/v2\/users\/1"}],"replies":[{"embeddable":true,"href":"https:\/\/jornaloalvorada.com.br\/site\/wp-json\/wp\/v2\/comments?post=9947"}],"version-history":[{"count":1,"href":"https:\/\/jornaloalvorada.com.br\/site\/wp-json\/wp\/v2\/posts\/9947\/revisions"}],"predecessor-version":[{"id":9949,"href":"https:\/\/jornaloalvorada.com.br\/site\/wp-json\/wp\/v2\/posts\/9947\/revisions\/9949"}],"wp:featuredmedia":[{"embeddable":true,"href":"https:\/\/jornaloalvorada.com.br\/site\/wp-json\/wp\/v2\/media\/9948"}],"wp:attachment":[{"href":"https:\/\/jornaloalvorada.com.br\/site\/wp-json\/wp\/v2\/media?parent=9947"}],"wp:term":[{"taxonomy":"category","embeddable":true,"href":"https:\/\/jornaloalvorada.com.br\/site\/wp-json\/wp\/v2\/categories?post=9947"},{"taxonomy":"post_tag","embeddable":true,"href":"https:\/\/jornaloalvorada.com.br\/site\/wp-json\/wp\/v2\/tags?post=9947"}],"curies":[{"name":"wp","href":"https:\/\/api.w.org\/{rel}","templated":true}]}}