{"id":9943,"date":"2025-03-19T09:19:47","date_gmt":"2025-03-19T13:19:47","guid":{"rendered":"https:\/\/jornaloalvorada.com.br\/site\/?p=9943"},"modified":"2025-03-19T09:48:05","modified_gmt":"2025-03-19T13:48:05","slug":"entrega-de-kits-escolares-no-cemei-izaura-flavio-marques","status":"publish","type":"post","link":"https:\/\/jornaloalvorada.com.br\/site\/2025\/03\/19\/entrega-de-kits-escolares-no-cemei-izaura-flavio-marques\/","title":{"rendered":"Entrega de Kits Escolares no Cemei Izaura Flavio Marques"},"content":{"rendered":"\n<p>Acompanhe como foi a entrega de kits Escolares no Cemei Izaura Flavio Marques e extens\u00f5es.<\/p>\n\n\n\n<p>O evento contou com a presen\u00e7a do presidente da c\u00e2mara municipal vereador Israel Gomes e os vereadores J\u00fanior Beraldi e Nelio Dias Justen.<\/p>\n\n\n\n<iframe loading=\"lazy\" src=\"https:\/\/www.facebook.com\/plugins\/video.php?height=476&#038;href=https%3A%2F%2Fwww.facebook.com%2Fjppaleari%2Fvideos%2F1618556422358182%2F&#038;show_text=false&#038;width=267&#038;t=0\" width=\"267\" height=\"476\" style=\"border:none;overflow:hidden\" scrolling=\"no\" frameborder=\"0\" allowfullscreen=\"true\" allow=\"autoplay; clipboard-write; encrypted-media; picture-in-picture; web-share\" allowFullScreen=\"true\"><\/iframe>\n","protected":false},"excerpt":{"rendered":"<p>Acompanhe como foi a entrega de kits Escolares no Cemei Izaura Flavio Marques e extens\u00f5es. O evento contou com a<\/p>\n","protected":false},"author":1,"featured_media":9944,"comment_status":"open","ping_status":"open","sticky":false,"template":"","format":"standard","meta":{"footnotes":""},"categories":[2],"tags":[],"class_list":["post-9943","post","type-post","status-publish","format-standard","has-post-thumbnail","hentry","category-noticias"],"_links":{"self":[{"href":"https:\/\/jornaloalvorada.com.br\/site\/wp-json\/wp\/v2\/posts\/9943","targetHints":{"allow":["GET"]}}],"collection":[{"href":"https:\/\/jornaloalvorada.com.br\/site\/wp-json\/wp\/v2\/posts"}],"about":[{"href":"https:\/\/jornaloalvorada.com.br\/site\/wp-json\/wp\/v2\/types\/post"}],"author":[{"embeddable":true,"href":"https:\/\/jornaloalvorada.com.br\/site\/wp-json\/wp\/v2\/users\/1"}],"replies":[{"embeddable":true,"href":"https:\/\/jornaloalvorada.com.br\/site\/wp-json\/wp\/v2\/comments?post=9943"}],"version-history":[{"count":2,"href":"https:\/\/jornaloalvorada.com.br\/site\/wp-json\/wp\/v2\/posts\/9943\/revisions"}],"predecessor-version":[{"id":9946,"href":"https:\/\/jornaloalvorada.com.br\/site\/wp-json\/wp\/v2\/posts\/9943\/revisions\/9946"}],"wp:featuredmedia":[{"embeddable":true,"href":"https:\/\/jornaloalvorada.com.br\/site\/wp-json\/wp\/v2\/media\/9944"}],"wp:attachment":[{"href":"https:\/\/jornaloalvorada.com.br\/site\/wp-json\/wp\/v2\/media?parent=9943"}],"wp:term":[{"taxonomy":"category","embeddable":true,"href":"https:\/\/jornaloalvorada.com.br\/site\/wp-json\/wp\/v2\/categories?post=9943"},{"taxonomy":"post_tag","embeddable":true,"href":"https:\/\/jornaloalvorada.com.br\/site\/wp-json\/wp\/v2\/tags?post=9943"}],"curies":[{"name":"wp","href":"https:\/\/api.w.org\/{rel}","templated":true}]}}