{"id":987,"date":"2023-04-03T09:51:36","date_gmt":"2023-04-03T13:51:36","guid":{"rendered":"https:\/\/jornaloalvorada.com.br\/site\/?p=987"},"modified":"2023-04-03T09:51:38","modified_gmt":"2023-04-03T13:51:38","slug":"brasil-registra-alta-de-53-dos-casos-de-dengue-e-ex-secretario-de-saude-faz-alerta-90-dos-focos-ocorrem-nas-casas","status":"publish","type":"post","link":"https:\/\/jornaloalvorada.com.br\/site\/2023\/04\/03\/brasil-registra-alta-de-53-dos-casos-de-dengue-e-ex-secretario-de-saude-faz-alerta-90-dos-focos-ocorrem-nas-casas\/","title":{"rendered":"Brasil registra alta de 53% dos casos de dengue e ex-secret\u00e1rio de Sa\u00fade faz alerta: \u201890% dos focos ocorrem nas casas\u2019"},"content":{"rendered":"\n<p>O Brasil tem registrado um aumento no n\u00famero de casos de dengue em 2023. De acordo com o <strong><a href=\"https:\/\/jovempan.com.br\/tag\/ministerio-da-saude\">Minist\u00e9rio da Sa\u00fade<\/a><\/strong>, o <a href=\"https:\/\/jovempan.com.br\/programas\/jornal-da-manha\/casos-de-dengue-e-zica-tem-aumento-de-53-no-brasil.html\">crescimento foi de 53% na quantidade de casos<\/a> entre janeiro e mar\u00e7o em compara\u00e7\u00e3o com o mesmo per\u00edodo do ano passado. J\u00e1 s\u00e3o cerca de 400 mil casos investigados no territ\u00f3rio brasileiro de acordo com o minist\u00e9rio. Al\u00e9m disso, 117 \u00f3bitos tamb\u00e9m j\u00e1 foram registrados. Para falar sobre esta alta, o Jornal da Manh\u00e3, da <strong>Jovem Pan News<\/strong>, entrevistou o ex-secret\u00e1rio de Sa\u00fade do Estado de S\u00e3o Paulo, Dr. <strong><a href=\"https:\/\/jovempan.com.br\/tag\/jean-gorinchteyn\">Jean Gorinchteyn<\/a><\/strong>, que explicou as raz\u00f5es da prolifera\u00e7\u00e3o do agente transmissor, o mosquito Aedes aegypti, e deu orienta\u00e7\u00f5es de preven\u00e7\u00e3o: \u201cAs pessoas precisam lembrar algo que \u00e9 extremamente importante: 90% dos focos de dengue ocorrem nas casas. O mosquito da dengue adquiriu h\u00e1bitos absolutamente urbanos, com voos diurnos. E com isso acabam estando dentro das casas, favorecendo a sua multiplica\u00e7\u00e3o. \u00c9 muito comum que a gente fale para olhar as caixas d\u2019\u00e1gua e as calhas das casas de forma frequente e que evitem ac\u00famulo de \u00e1gua nos jardins, mas isso deve ser feito toda semana\u201d.<\/p>\n\n\n\n<p>\u201cAo mesmo tempo, a gente tem que fazer algumas orienta\u00e7\u00f5es, especialmente para as pessoas que vivem em munic\u00edpios que existem um n\u00famero muito grande de casos. Al\u00e9m dessas observ\u00e2ncias, que cada um faz a sua, est\u00e1 a utiliza\u00e7\u00e3o, se poss\u00edvel, dos repelentes e a utiliza\u00e7\u00e3o de roupas claras. Esse mosquitinho tem o que n\u00f3s chamamos de fotofobia, ou seja, se tiver muita luz ele acaba tendo uma repel\u00eancia. Ent\u00e3o, roupas claras servem tamb\u00e9m como ajuda e apoio na repel\u00eancia dos mosquitos. Usar tomadinhas de repelente em casa tamb\u00e9m favorece muito. Acaba criando um ambiente hostil para a entrada do mosquitinho\u201d, explicou.<\/p>\n\n\n\n<p>O infectologista lembrou que o per\u00edodo entre o fim da primavera e o come\u00e7o do outono favorece a prolifera\u00e7\u00e3o do mosquito e destacou dados sobre o aumento da doen\u00e7a no Brasil: \u201cEm todo o pa\u00eds n\u00f3s tivemos 162% de aumento do n\u00famero de casos de 2021 para 2022. Para se ter uma ideia, al\u00e9m do n\u00famero de casos, o Brasil contabilizou mais de mil mortes decorrentes da doen\u00e7a [em 2022], mostrando que n\u00e3o s\u00f3 n\u00f3s temos um grande n\u00famero de pacientes comprometidos, mas tamb\u00e9m a gravidade da doen\u00e7a passou a estar mais presente, o que faz com que a aten\u00e7\u00e3o deva e mere\u00e7a ser redobrada. S\u00f3 na cidade de S\u00e3o Paulo, n\u00f3s tivemos 47% de aumento no n\u00famero de casos, se n\u00f3s compararmos com o mesmo per\u00edodo de janeiro, fevereiro e mar\u00e7o do ano passado. Per\u00edodos quentes e chuvosos permitem uma maior prolifera\u00e7\u00e3o do mosquito do Aedes aegypti, especialmente das f\u00eameas do Aedes aegypti, que acabam fazendo a ovoposi\u00e7\u00e3o, acabam depositando os ovinhos, que rapidamente, no per\u00edodo de uma semana, transformam-se em mosquitos\u201d. Gorinchteyn tamb\u00e9m falou sobre as novas vacinas que foram aprovadas pela Anvisa.<\/p>\n\n\n\n<p>\u201cA libera\u00e7\u00e3o da Anvisa permite claramente que n\u00f3s tenhamos uma vacina. J\u00e1 temos uma vacina da Sanofi, a Dengvaxia, que tem como fundamento a imuniza\u00e7\u00e3o de pessoas de 4 a 45 anos. Mas lembrando que s\u00f3 pessoas que j\u00e1 tiveram dengue podem tomar esta vacina. Em rela\u00e7\u00e3o a esta nova vacina, da japonesa Takeda, \u00e9 uma vacina que pode ser dada a pessoas de 4 a 60 anos, por\u00e9m em qualquer pessoa, mesmo que tenham tido ou n\u00e3o dengue. Isso \u00e9 algo muito importante porque n\u00f3s queremos fazer a preven\u00e7\u00e3o\u201d, declarou.<\/p>\n\n\n\n<p>Por fim, o ex-secret\u00e1rio de Sa\u00fade falou detalhes dos sintomas da dengue, como distingui-la da chikungunya, doen\u00e7a que tamb\u00e9m tem afetado os brasileiros, e destacou a redu\u00e7\u00e3o nos casos de zika: \u201cA dengue \u00e9 uma doen\u00e7a muito cosmopolita. Ent\u00e3o, ela n\u00e3o escolhe classe social, idade, ra\u00e7a e nada disso. O mosquitinho voa, ele n\u00e3o tem limita\u00e7\u00e3o (\u2026) Adultos acabam sendo os mais comprometidos, mas infelizmente idosos tamb\u00e9m pode ser. Dengue \u00e9 algo que a gente chama de \u2018dor em quebra ossos\u2019, existe uma dor muscular muito grande, exatamente pelo processo de inflama\u00e7\u00e3o que acontece nos m\u00fasculos (\u2026) Tendo esses sintomas, procure um profissional m\u00e9dico, at\u00e9 porque a gente precisa fazer alguns acompanhamentos para n\u00e3o ter a complica\u00e7\u00e3o que n\u00f3s chamamos de dengue hemorr\u00e1gica, que acontece em uma fase mais tardia da doen\u00e7a, cerca de cinco a sete dias ap\u00f3s o in\u00edcio dos sintomas.\u201d<\/p>\n\n\n\n<p>\u201cCada mosquitinho vai transmitir um v\u00edrus s\u00f3, ou vai ser dengue, ou zika ou chikungunya. Esses v\u00edrus acabam causando complica\u00e7\u00f5es. Qual a diferen\u00e7a entre dengue e chikungunya? Chikungunya d\u00e1 menos dores musculares, mas d\u00e1 muita dor nas articula\u00e7\u00f5es, nas juntas, fazendo com que em alguns casos hajam doen\u00e7as at\u00e9 incapacitantes. Por isso, se est\u00e1 com dor nas juntas, com febre de forma aguda e mais um vermelhinho pelo corpo, procure um profissional m\u00e9dico (\u2026) Felizmente hoje n\u00f3s temos menos zika, a gente sempre tinha muita preocupa\u00e7\u00e3o com a s\u00edndrome cong\u00eanita da zika, ou seja, as altera\u00e7\u00f5es que o bebezinho em qualquer fase da gesta\u00e7\u00e3o poderia ter, ou malforma\u00e7\u00e3o no in\u00edcio da gesta\u00e7\u00e3o, ou altera\u00e7\u00f5es que poderiam aparecer s\u00f3 na idade escolar\u201d, disse.<\/p>\n\n\n\n<p><strong><em>Fonte: CG Not\u00edcias<\/em><\/strong><\/p>\n","protected":false},"excerpt":{"rendered":"<p>O Brasil tem registrado um aumento no n\u00famero de casos de dengue em 2023. De acordo com o Minist\u00e9rio da<\/p>\n","protected":false},"author":1,"featured_media":988,"comment_status":"open","ping_status":"open","sticky":false,"template":"","format":"standard","meta":{"footnotes":""},"categories":[2],"tags":[],"class_list":["post-987","post","type-post","status-publish","format-standard","has-post-thumbnail","hentry","category-noticias"],"_links":{"self":[{"href":"https:\/\/jornaloalvorada.com.br\/site\/wp-json\/wp\/v2\/posts\/987","targetHints":{"allow":["GET"]}}],"collection":[{"href":"https:\/\/jornaloalvorada.com.br\/site\/wp-json\/wp\/v2\/posts"}],"about":[{"href":"https:\/\/jornaloalvorada.com.br\/site\/wp-json\/wp\/v2\/types\/post"}],"author":[{"embeddable":true,"href":"https:\/\/jornaloalvorada.com.br\/site\/wp-json\/wp\/v2\/users\/1"}],"replies":[{"embeddable":true,"href":"https:\/\/jornaloalvorada.com.br\/site\/wp-json\/wp\/v2\/comments?post=987"}],"version-history":[{"count":1,"href":"https:\/\/jornaloalvorada.com.br\/site\/wp-json\/wp\/v2\/posts\/987\/revisions"}],"predecessor-version":[{"id":989,"href":"https:\/\/jornaloalvorada.com.br\/site\/wp-json\/wp\/v2\/posts\/987\/revisions\/989"}],"wp:featuredmedia":[{"embeddable":true,"href":"https:\/\/jornaloalvorada.com.br\/site\/wp-json\/wp\/v2\/media\/988"}],"wp:attachment":[{"href":"https:\/\/jornaloalvorada.com.br\/site\/wp-json\/wp\/v2\/media?parent=987"}],"wp:term":[{"taxonomy":"category","embeddable":true,"href":"https:\/\/jornaloalvorada.com.br\/site\/wp-json\/wp\/v2\/categories?post=987"},{"taxonomy":"post_tag","embeddable":true,"href":"https:\/\/jornaloalvorada.com.br\/site\/wp-json\/wp\/v2\/tags?post=987"}],"curies":[{"name":"wp","href":"https:\/\/api.w.org\/{rel}","templated":true}]}}