{"id":9867,"date":"2025-03-13T09:03:46","date_gmt":"2025-03-13T13:03:46","guid":{"rendered":"https:\/\/jornaloalvorada.com.br\/site\/?p=9867"},"modified":"2025-03-13T09:03:48","modified_gmt":"2025-03-13T13:03:48","slug":"vereadores-unem-forcas-para-reivindicar-ambulancia-uti-e-base-do-samu-no-municipio","status":"publish","type":"post","link":"https:\/\/jornaloalvorada.com.br\/site\/2025\/03\/13\/vereadores-unem-forcas-para-reivindicar-ambulancia-uti-e-base-do-samu-no-municipio\/","title":{"rendered":"Vereadores Unem For\u00e7as para Reivindicar Ambul\u00e2ncia UTI e Base do SAMU no Munic\u00edpio"},"content":{"rendered":"\n<p>Na 6\u00aa Sess\u00e3o Ordin\u00e1ria de 11 de mar\u00e7o de 2025, no Plen\u00e1rio S\u00e9rgio Ferraz, a vereadora <strong>Andrea Fim<\/strong>, junto aos vereadores <strong>Israel Gomes<\/strong>, <strong>Roberto Duarte<\/strong>, <strong>Rodrigo Ortega<\/strong>, <strong>Ronaldo Camargo<\/strong> e <strong>Rones Cezar<\/strong>, apresentou um requerimento que solicita a destina\u00e7\u00e3o de uma Ambul\u00e2ncia UTI (SAMU) equipada com tecnologia adequada para atendimentos de urg\u00eancia e emerg\u00eancia. A proposta tamb\u00e9m inclui a realiza\u00e7\u00e3o de estudos para a implanta\u00e7\u00e3o de uma base do SAMU no munic\u00edpio, visando ampliar a assist\u00eancia \u00e0 sa\u00fade da popula\u00e7\u00e3o.<\/p>\n\n\n\n<p>Andrea Fim destacou a import\u00e2ncia dessas unidades para o munic\u00edpio, ressaltando que <em>\u201ctais unidades s\u00e3o tripuladas por equipes capacitadas com m\u00e9dicos, enfermeiros, t\u00e9cnicos em enfermagem e condutores socorristas, aptos para atender as demandas com presteza e qualidade\u201d<\/em>. A vereadora enfatizou que a presen\u00e7a de uma base do SAMU \u00e9 fundamental para garantir um atendimento r\u00e1pido e eficiente em situa\u00e7\u00f5es cr\u00edticas, onde cada segunda conta.<\/p>\n\n\n\n<p>A proposta dos vereadores reflete uma preocupa\u00e7\u00e3o crescente com a sa\u00fade p\u00fablica e a necessidade de um sistema de emerg\u00eancia mais robusto. Com a instala\u00e7\u00e3o da base do SAMU e a disponibiliza\u00e7\u00e3o da Ambul\u00e2ncia UTI, espera-se que o munic\u00edpio possa oferecer um suporte adequado \u00e0s emerg\u00eancias m\u00e9dicas, reduzindo o tempo de resposta e aumentando as chances de sucesso em atendimentos.<\/p>\n\n\n\n<p>Essa iniciativa conjunta demonstra o compromisso dos vereadores em trabalhar em prol da sa\u00fade da comunidade. Com o apoio da administra\u00e7\u00e3o municipal e a implementa\u00e7\u00e3o das medidas solicitadas, os cidad\u00e3os poder\u00e3o contar com um atendimento mais eficaz em momentos de necessidade, promovendo maior seguran\u00e7a e bem-estar para todos.<\/p>\n","protected":false},"excerpt":{"rendered":"<p>Na 6\u00aa Sess\u00e3o Ordin\u00e1ria de 11 de mar\u00e7o de 2025, no Plen\u00e1rio S\u00e9rgio Ferraz, a vereadora Andrea Fim, junto aos<\/p>\n","protected":false},"author":1,"featured_media":9868,"comment_status":"open","ping_status":"open","sticky":false,"template":"","format":"standard","meta":{"footnotes":""},"categories":[2],"tags":[],"class_list":["post-9867","post","type-post","status-publish","format-standard","has-post-thumbnail","hentry","category-noticias"],"_links":{"self":[{"href":"https:\/\/jornaloalvorada.com.br\/site\/wp-json\/wp\/v2\/posts\/9867","targetHints":{"allow":["GET"]}}],"collection":[{"href":"https:\/\/jornaloalvorada.com.br\/site\/wp-json\/wp\/v2\/posts"}],"about":[{"href":"https:\/\/jornaloalvorada.com.br\/site\/wp-json\/wp\/v2\/types\/post"}],"author":[{"embeddable":true,"href":"https:\/\/jornaloalvorada.com.br\/site\/wp-json\/wp\/v2\/users\/1"}],"replies":[{"embeddable":true,"href":"https:\/\/jornaloalvorada.com.br\/site\/wp-json\/wp\/v2\/comments?post=9867"}],"version-history":[{"count":1,"href":"https:\/\/jornaloalvorada.com.br\/site\/wp-json\/wp\/v2\/posts\/9867\/revisions"}],"predecessor-version":[{"id":9869,"href":"https:\/\/jornaloalvorada.com.br\/site\/wp-json\/wp\/v2\/posts\/9867\/revisions\/9869"}],"wp:featuredmedia":[{"embeddable":true,"href":"https:\/\/jornaloalvorada.com.br\/site\/wp-json\/wp\/v2\/media\/9868"}],"wp:attachment":[{"href":"https:\/\/jornaloalvorada.com.br\/site\/wp-json\/wp\/v2\/media?parent=9867"}],"wp:term":[{"taxonomy":"category","embeddable":true,"href":"https:\/\/jornaloalvorada.com.br\/site\/wp-json\/wp\/v2\/categories?post=9867"},{"taxonomy":"post_tag","embeddable":true,"href":"https:\/\/jornaloalvorada.com.br\/site\/wp-json\/wp\/v2\/tags?post=9867"}],"curies":[{"name":"wp","href":"https:\/\/api.w.org\/{rel}","templated":true}]}}