{"id":984,"date":"2023-04-03T08:55:50","date_gmt":"2023-04-03T12:55:50","guid":{"rendered":"https:\/\/jornaloalvorada.com.br\/site\/?p=984"},"modified":"2023-04-03T08:55:53","modified_gmt":"2023-04-03T12:55:53","slug":"mato-grosso-do-sul-tem-previsao-de-sol-e-calor-nesta-segunda-feira","status":"publish","type":"post","link":"https:\/\/jornaloalvorada.com.br\/site\/2023\/04\/03\/mato-grosso-do-sul-tem-previsao-de-sol-e-calor-nesta-segunda-feira\/","title":{"rendered":"Mato Grosso do Sul tem previs\u00e3o de sol e calor nesta segunda-feira"},"content":{"rendered":"\n<p>Nesta segunda-feira (3) a previs\u00e3o \u00e9 de tempo com sol e temperaturas elevadas, acima de 30\u00baC, em Mato Grosso do Sul. No entanto, pode haver pancadas de chuva isoladas e at\u00e9 tempestades com raios e rajadas de vento em alguns locais.<\/p>\n\n\n\n<p>Segundo o Cemtec (Centro do Monitoramento do Tempo e do Clima de MS) durante a semana o tempo segue est\u00e1vel, com possibilidade de chuva fraca e moderada no Estado, com tempestades pontuais em algumas cidades.<\/p>\n\n\n\n<p>Campo Grande tem previs\u00e3o de m\u00ednima de 21\u00b0C e m\u00e1xima de 32\u00b0C. A previs\u00e3o \u00e9 de sol, na Capital, durante o dia e pancadas de chuva \u00e0 tarde e \u00e0 noite.<\/p>\n\n\n\n<p>J\u00e1 no Estado as m\u00ednimas ficam entre 19\u00b0C e 24\u00baC, com possibilidade de temperatura m\u00e1xima de 35\u00b0C. As altas temperaturas ficam mais nas regi\u00f5es Norte, Pantaneira, Sudoeste e Bols\u00e3o. J\u00e1 as menores s\u00e3o previstas para a regi\u00e3o Sul.<\/p>\n\n\n\n<p><strong><em>Natalia Yahn, Comunica\u00e7\u00e3o Governo MS<\/em><br><em>Foto: Bruno Rezende<\/em><\/strong><\/p>\n","protected":false},"excerpt":{"rendered":"<p>Nesta segunda-feira (3) a previs\u00e3o \u00e9 de tempo com sol e temperaturas elevadas, acima de 30\u00baC, em Mato Grosso do<\/p>\n","protected":false},"author":1,"featured_media":985,"comment_status":"open","ping_status":"open","sticky":false,"template":"","format":"standard","meta":{"footnotes":""},"categories":[2],"tags":[],"class_list":["post-984","post","type-post","status-publish","format-standard","has-post-thumbnail","hentry","category-noticias"],"_links":{"self":[{"href":"https:\/\/jornaloalvorada.com.br\/site\/wp-json\/wp\/v2\/posts\/984","targetHints":{"allow":["GET"]}}],"collection":[{"href":"https:\/\/jornaloalvorada.com.br\/site\/wp-json\/wp\/v2\/posts"}],"about":[{"href":"https:\/\/jornaloalvorada.com.br\/site\/wp-json\/wp\/v2\/types\/post"}],"author":[{"embeddable":true,"href":"https:\/\/jornaloalvorada.com.br\/site\/wp-json\/wp\/v2\/users\/1"}],"replies":[{"embeddable":true,"href":"https:\/\/jornaloalvorada.com.br\/site\/wp-json\/wp\/v2\/comments?post=984"}],"version-history":[{"count":1,"href":"https:\/\/jornaloalvorada.com.br\/site\/wp-json\/wp\/v2\/posts\/984\/revisions"}],"predecessor-version":[{"id":986,"href":"https:\/\/jornaloalvorada.com.br\/site\/wp-json\/wp\/v2\/posts\/984\/revisions\/986"}],"wp:featuredmedia":[{"embeddable":true,"href":"https:\/\/jornaloalvorada.com.br\/site\/wp-json\/wp\/v2\/media\/985"}],"wp:attachment":[{"href":"https:\/\/jornaloalvorada.com.br\/site\/wp-json\/wp\/v2\/media?parent=984"}],"wp:term":[{"taxonomy":"category","embeddable":true,"href":"https:\/\/jornaloalvorada.com.br\/site\/wp-json\/wp\/v2\/categories?post=984"},{"taxonomy":"post_tag","embeddable":true,"href":"https:\/\/jornaloalvorada.com.br\/site\/wp-json\/wp\/v2\/tags?post=984"}],"curies":[{"name":"wp","href":"https:\/\/api.w.org\/{rel}","templated":true}]}}