{"id":9818,"date":"2025-03-10T08:02:11","date_gmt":"2025-03-10T12:02:11","guid":{"rendered":"https:\/\/jornaloalvorada.com.br\/site\/?p=9818"},"modified":"2025-03-10T08:02:13","modified_gmt":"2025-03-10T12:02:13","slug":"ibge-mostra-onde-estao-os-maiores-e-menores-salarios-do-pais","status":"publish","type":"post","link":"https:\/\/jornaloalvorada.com.br\/site\/2025\/03\/10\/ibge-mostra-onde-estao-os-maiores-e-menores-salarios-do-pais\/","title":{"rendered":"IBGE mostra onde est\u00e3o os maiores e menores sal\u00e1rios do pa\u00eds"},"content":{"rendered":"\n<p>O <strong>IBGE<\/strong>, por meio da Pesquisa Nacional por Amostra de Domic\u00edlios Cont\u00ednua (Pnad Cont\u00ednua), revelou que o rendimento m\u00e9dio do <strong>trabalhador brasileiro em 2024<\/strong> atingiu a marca de R$ 3.225, o maior valor registrado desde 2012. Embora esse avan\u00e7o indique uma melhora nas condi\u00e7\u00f5es de trabalho e na economia do pa\u00eds, ele tamb\u00e9m evidencia as profundas desigualdades salariais que ainda persistem entre as diferentes regi\u00f5es.<\/p>\n\n\n\n<p>Essas <strong>disparidades regionais<\/strong>, que variam de estado para estado, refletem as desigualdades estruturais, como o acesso a setores econ\u00f4micos mais rent\u00e1veis e a presen\u00e7a do funcionalismo p\u00fablico, al\u00e9m da escolaridade e formaliza\u00e7\u00e3o do trabalho. O estudo do <a href=\"https:\/\/www.ibge.gov.br\/\" target=\"_blank\" rel=\"noreferrer noopener\"><strong>IBGE<\/strong><\/a> oferece uma an\u00e1lise detalhada dos sal\u00e1rios, apontando n\u00e3o apenas os estados com os maiores e menores rendimentos, mas tamb\u00e9m as raz\u00f5es por tr\u00e1s dessas diferen\u00e7as e o que pode ser feito para reduzir a desigualdade no futuro.<\/p>\n\n\n\n<h2 class=\"wp-block-heading\">As principais disparidades salariais do Brasil<\/h2>\n\n\n\n<p>O <strong>Brasil<\/strong>, com sua vastid\u00e3o territorial e diversidade econ\u00f4mica, apresenta uma grande varia\u00e7\u00e3o nos rendimentos de seus trabalhadores. O<strong> IBGE <\/strong>aponta que, enquanto alguns estados apresentam sal\u00e1rios acima da m\u00e9dia nacional, outros ainda enfrentam s\u00e9rias dificuldades para garantir rendimentos mais elevados para sua popula\u00e7\u00e3o. Essa diferen\u00e7a \u00e9 particularmente not\u00e1vel quando se comparam regi\u00f5es como o Distrito Federal com estados do Nordeste, onde os sal\u00e1rios ainda s\u00e3o significativamente mais baixos.<\/p>\n\n\n\n<h3 class=\"wp-block-heading\">Estados com os maiores rendimentos m\u00e9dios<\/h3>\n\n\n\n<p>O <strong>Distrito Federal <\/strong>lidera o ranking de sal\u00e1rios, com uma m\u00e9dia de R$ 5.043, impulsionado pela alta concentra\u00e7\u00e3o de servidores p\u00fablicos, cujos sal\u00e1rios tendem a ser mais elevados devido \u00e0 estabilidade e aos benef\u00edcios oferecidos pelo setor p\u00fablico. Outros estados que se destacam com rendimentos mais altos incluem:<\/p>\n\n\n\n<ul class=\"wp-block-list\">\n<li><strong>S\u00e3o Paulo<\/strong>: R$ 3.907<\/li>\n\n\n\n<li><strong>Paran\u00e1<\/strong>: R$ 3.758<\/li>\n\n\n\n<li><strong>Rio de Janeiro<\/strong>: R$ 3.733<\/li>\n\n\n\n<li><strong>Santa Catarina<\/strong>: R$ 3.705<\/li>\n<\/ul>\n\n\n\n<p>Esses estados s\u00e3o caracterizados por economias mais <strong>diversificadas e industrializadas<\/strong>, al\u00e9m de um forte mercado de trabalho que contribui para a eleva\u00e7\u00e3o dos sal\u00e1rios. A concentra\u00e7\u00e3o de empresas de grande porte, especialmente no setor industrial e de servi\u00e7os, gera empregos de qualidade e sal\u00e1rios mais altos.<\/p>\n\n\n\n<h3 class=\"wp-block-heading\">Estados com os menores rendimentos m\u00e9dios<\/h3>\n\n\n\n<p>Por outro lado, estados do <strong>Nordeste<\/strong> ainda apresentam rendimentos consideravelmente abaixo da m\u00e9dia nacional. A falta de infraestrutura adequada, a menor presen\u00e7a de ind\u00fastrias de alto valor agregado e a informalidade do mercado de trabalho s\u00e3o alguns dos fatores que impactam negativamente os sal\u00e1rios. Os estados com os menores rendimentos m\u00e9dios incluem:<\/p>\n\n\n\n<ul class=\"wp-block-list\">\n<li><strong>Maranh\u00e3o<\/strong>: R$ 2.049<\/li>\n\n\n\n<li><strong>Cear\u00e1<\/strong>: R$ 2.071<\/li>\n\n\n\n<li><strong>Bahia<\/strong>: R$ 2.165<\/li>\n\n\n\n<li><strong>Piau\u00ed<\/strong>: R$ 2.199<\/li>\n\n\n\n<li><strong>Para\u00edba<\/strong>: R$ 2.230<\/li>\n<\/ul>\n\n\n\n<p>Essas regi\u00f5es enfrentam uma <strong>estrutura econ\u00f4mica mais fragilizada<\/strong>, com desafios relacionados \u00e0 baixa qualifica\u00e7\u00e3o profissional e \u00e0 informalidade no mercado de trabalho, o que dificulta o aumento da produtividade e, consequentemente, os sal\u00e1rios.<\/p>\n\n\n\n<h2 class=\"wp-block-heading\">O que impulsionou o aumento do rendimento m\u00e9dio?<\/h2>\n\n\n\n<p>Embora as disparidades regionais ainda sejam consider\u00e1veis, o aumento do rendimento m\u00e9dio nacional em <strong>2024<\/strong> \u00e9 resultado de uma s\u00e9rie de fatores positivos, que incluem a recupera\u00e7\u00e3o econ\u00f4mica p\u00f3s-pandemia e o crescimento de setores estrat\u00e9gicos da economia.<\/p>\n\n\n\n<h4 class=\"wp-block-heading\">1. Recupera\u00e7\u00e3o econ\u00f4mica e queda no desemprego<\/h4>\n\n\n\n<p>A recupera\u00e7\u00e3o econ\u00f4mica que o <strong>Brasil<\/strong> tem experimentado nos \u00faltimos anos teve um impacto direto na redu\u00e7\u00e3o do desemprego e na eleva\u00e7\u00e3o dos sal\u00e1rios. Em 2024, o pa\u00eds registrou a menor taxa de desocupa\u00e7\u00e3o desde o in\u00edcio da s\u00e9rie hist\u00f3rica, o que permitiu que mais pessoas retornassem ao mercado de trabalho. Esse movimento contribui para o aumento do rendimento m\u00e9dio, j\u00e1 que mais trabalhadores com carteira assinada ingressam no mercado formal.<\/p>\n\n\n\n<h4 class=\"wp-block-heading\">2. Expans\u00e3o do setor de servi\u00e7os<\/h4>\n\n\n\n<p>Os setores de <strong>com\u00e9rcio<\/strong>, <strong>turismo<\/strong> e <strong>tecnologia<\/strong> foram fundamentais para o aumento do rendimento m\u00e9dio em 2024. O crescimento desses setores, especialmente nas regi\u00f5es Sul e Sudeste, gerou um aumento na demanda por profissionais especializados, elevando os sal\u00e1rios naquelas regi\u00f5es. Isso mostra como as \u00e1reas de maior qualifica\u00e7\u00e3o, como a tecnologia da informa\u00e7\u00e3o (TI), continuam a ser um diferencial na composi\u00e7\u00e3o do rendimento m\u00e9dio do pa\u00eds.<\/p>\n\n\n\n<h4 class=\"wp-block-heading\">3. Impacto do funcionalismo p\u00fablico<\/h4>\n\n\n\n<p>O funcionalismo p\u00fablico tem sido uma for\u00e7a significativa na forma\u00e7\u00e3o da m\u00e9dia salarial nacional. Estados como o <strong>Distrito Federal<\/strong> e o <strong>Rio de Janeiro<\/strong> continuam a apresentar rendimentos mais elevados, em parte devido \u00e0 presen\u00e7a massiva de servidores p\u00fablicos, cujos sal\u00e1rios tendem a ser superiores \u00e0 m\u00e9dia dos trabalhadores do setor privado. A estabilidade e os benef\u00edcios adicionais garantem que esse setor se mantenha com sal\u00e1rios mais elevados.<\/p>\n\n\n\n<h4 class=\"wp-block-heading\">4. Maior formaliza\u00e7\u00e3o do trabalho<\/h4>\n\n\n\n<p>Outro fator relevante para o aumento do rendimento m\u00e9dio foi o crescimento na formaliza\u00e7\u00e3o do trabalho. O n\u00famero de trabalhadores com <strong>carteira assinada<\/strong> aumentou nos \u00faltimos anos, o que trouxe um impacto positivo nos rendimentos. Al\u00e9m disso, a qualifica\u00e7\u00e3o profissional de muitos trabalhadores aut\u00f4nomos tamb\u00e9m tem contribu\u00eddo para o aumento da m\u00e9dia salarial no Brasil.<\/p>\n\n\n\n<h3 class=\"wp-block-heading\">Setores com os maiores rendimentos m\u00e9dios em 2024<\/h3>\n\n\n\n<p>A an\u00e1lise do IBGE tamb\u00e9m apontou quais setores da economia pagaram os maiores sal\u00e1rios em 2024. Setores que exigem <strong>alta especializa\u00e7\u00e3o<\/strong> e que operam com <strong>capital humano<\/strong> altamente qualificado s\u00e3o, em geral, os que mais remuneram.<\/p>\n\n\n\n<ul class=\"wp-block-list\">\n<li><strong>Administra\u00e7\u00e3o p\u00fablica e defesa<\/strong>: R$ 6.500<\/li>\n\n\n\n<li><strong>Tecnologia da Informa\u00e7\u00e3o (TI)<\/strong>: R$ 5.800<\/li>\n\n\n\n<li><strong>Atividades financeiras e seguros<\/strong>: R$ 5.500<\/li>\n\n\n\n<li><strong>Setor industrial<\/strong>: R$ 4.200<\/li>\n\n\n\n<li><strong>Educa\u00e7\u00e3o superior e pesquisa<\/strong>: R$ 4.000<\/li>\n<\/ul>\n\n\n\n<p>O setor de <strong>tecnologia da informa\u00e7\u00e3o (TI)<\/strong> se destaca como um dos mais promissores do pa\u00eds, com sal\u00e1rios acima da m\u00e9dia e uma forte demanda por profissionais especializados. Esse setor continua a ser um motor de crescimento para as economias locais, especialmente nas regi\u00f5es Sudeste e Sul.<\/p>\n\n\n\n<h4 class=\"wp-block-heading\">A influ\u00eancia da escolaridade nos rendimentos<\/h4>\n\n\n\n<p>Outro fator que impacta diretamente os rendimentos dos trabalhadores brasileiros \u00e9 o <strong>n\u00edvel de escolaridade<\/strong>. O estudo do IBGE mostrou que trabalhadores com maior n\u00edvel de educa\u00e7\u00e3o t\u00eam, de forma geral, sal\u00e1rios mais elevados. O gr\u00e1fico de escolaridade e rendimento revela que:<\/p>\n\n\n\n<ul class=\"wp-block-list\">\n<li><strong>Sem instru\u00e7\u00e3o ou ensino fundamental incompleto<\/strong>: R$ 1.700<\/li>\n\n\n\n<li><strong>Ensino m\u00e9dio completo<\/strong>: R$ 2.800<\/li>\n\n\n\n<li><strong>N\u00edvel superior completo<\/strong>: R$ 6.200<\/li>\n<\/ul>\n\n\n\n<p>Esses dados refor\u00e7am a import\u00e2ncia do <strong>investimento em educa\u00e7\u00e3o<\/strong> como ferramenta para aumentar os sal\u00e1rios e melhorar as condi\u00e7\u00f5es de vida dos trabalhadores brasileiros. Trabalhadores com n\u00edvel superior t\u00eam n\u00e3o s\u00f3 um sal\u00e1rio mais alto, mas tamb\u00e9m mais oportunidades no mercado de trabalho.<\/p>\n\n\n\n<h2 class=\"wp-block-heading\">Desafios e perspectivas para os pr\u00f3ximos anos<\/h2>\n\n\n\n<p>Apesar do crescimento do rendimento m\u00e9dio, o Brasil ainda enfrenta desafios significativos. A desigualdade entre as regi\u00f5es, a baixa qualifica\u00e7\u00e3o da for\u00e7a de trabalho e a informalidade s\u00e3o quest\u00f5es que precisam ser resolvidas para garantir um crescimento mais equilibrado e sustent\u00e1vel.<\/p>\n\n\n\n<h4 class=\"wp-block-heading\">Desigualdade regional<\/h4>\n\n\n\n<p>Os estados do Norte e Nordeste, em particular, continuam a necessitar de <strong>investimentos em infraestrutura<\/strong> e <strong>educa\u00e7\u00e3o<\/strong> para melhorar suas condi\u00e7\u00f5es econ\u00f4micas e salariais. Reduzir as desigualdades regionais \u00e9 fundamental para garantir um desenvolvimento mais equitativo.<\/p>\n\n\n\n<h4 class=\"wp-block-heading\">Baixa qualifica\u00e7\u00e3o e informalidade<\/h4>\n\n\n\n<p>A informalidade no mercado de trabalho continua a ser um dos maiores desafios do Brasil. Embora o n\u00famero de trabalhadores formalizados tenha crescido, cerca de 40% da for\u00e7a de trabalho ainda est\u00e1 fora do mercado formal. A falta de <strong>qualifica\u00e7\u00e3o<\/strong> e a baixa especializa\u00e7\u00e3o de muitos trabalhadores dificultam o aumento da produtividade e a melhoria dos sal\u00e1rios.<\/p>\n\n\n\n<h3 class=\"wp-block-heading\">O que esperar para 2025?<\/h3>\n\n\n\n<p>Para os pr\u00f3ximos anos, o mercado de trabalho brasileiro dever\u00e1 continuar em recupera\u00e7\u00e3o, com um crescimento cont\u00ednuo nos setores de <strong>infraestrutura<\/strong>, <strong>tecnologia<\/strong> e <strong>ind\u00fastria verde<\/strong>. Se a economia continuar crescendo de maneira sustent\u00e1vel e a redu\u00e7\u00e3o do desemprego seguir seu curso, os sal\u00e1rios podem continuar a subir, mas a grande tarefa ser\u00e1 reduzir as desigualdades regionais e melhorar a qualifica\u00e7\u00e3o da m\u00e3o de obra.<\/p>\n\n\n\n<p>O <strong>rendimento m\u00e9dio<\/strong> dos trabalhadores brasileiros atingiu R$ 3.225 em 2024, representando o maior valor desde 2012. Contudo, essa melhoria ainda esconde profundas disparidades regionais, com o Distrito Federal e estados como S\u00e3o Paulo e Paran\u00e1 liderando os sal\u00e1rios, enquanto o Nordeste enfrenta dificuldades. O <strong>Brasil <\/strong>precisa investir em educa\u00e7\u00e3o e qualifica\u00e7\u00e3o profissional para garantir que a recupera\u00e7\u00e3o econ\u00f4mica beneficie toda a popula\u00e7\u00e3o. Reduzir as desigualdades e aumentar a formaliza\u00e7\u00e3o do trabalho ser\u00e3o as principais prioridades para garantir um futuro mais pr\u00f3spero e equitativo para todos os brasileiros.<\/p>\n\n\n\n<p><strong><em>Fonte: Terra<\/em><\/strong><\/p>\n","protected":false},"excerpt":{"rendered":"<p>O IBGE, por meio da Pesquisa Nacional por Amostra de Domic\u00edlios Cont\u00ednua (Pnad Cont\u00ednua), revelou que o rendimento m\u00e9dio do<\/p>\n","protected":false},"author":1,"featured_media":9819,"comment_status":"open","ping_status":"open","sticky":false,"template":"","format":"standard","meta":{"footnotes":""},"categories":[2],"tags":[],"class_list":["post-9818","post","type-post","status-publish","format-standard","has-post-thumbnail","hentry","category-noticias"],"_links":{"self":[{"href":"https:\/\/jornaloalvorada.com.br\/site\/wp-json\/wp\/v2\/posts\/9818","targetHints":{"allow":["GET"]}}],"collection":[{"href":"https:\/\/jornaloalvorada.com.br\/site\/wp-json\/wp\/v2\/posts"}],"about":[{"href":"https:\/\/jornaloalvorada.com.br\/site\/wp-json\/wp\/v2\/types\/post"}],"author":[{"embeddable":true,"href":"https:\/\/jornaloalvorada.com.br\/site\/wp-json\/wp\/v2\/users\/1"}],"replies":[{"embeddable":true,"href":"https:\/\/jornaloalvorada.com.br\/site\/wp-json\/wp\/v2\/comments?post=9818"}],"version-history":[{"count":1,"href":"https:\/\/jornaloalvorada.com.br\/site\/wp-json\/wp\/v2\/posts\/9818\/revisions"}],"predecessor-version":[{"id":9820,"href":"https:\/\/jornaloalvorada.com.br\/site\/wp-json\/wp\/v2\/posts\/9818\/revisions\/9820"}],"wp:featuredmedia":[{"embeddable":true,"href":"https:\/\/jornaloalvorada.com.br\/site\/wp-json\/wp\/v2\/media\/9819"}],"wp:attachment":[{"href":"https:\/\/jornaloalvorada.com.br\/site\/wp-json\/wp\/v2\/media?parent=9818"}],"wp:term":[{"taxonomy":"category","embeddable":true,"href":"https:\/\/jornaloalvorada.com.br\/site\/wp-json\/wp\/v2\/categories?post=9818"},{"taxonomy":"post_tag","embeddable":true,"href":"https:\/\/jornaloalvorada.com.br\/site\/wp-json\/wp\/v2\/tags?post=9818"}],"curies":[{"name":"wp","href":"https:\/\/api.w.org\/{rel}","templated":true}]}}