{"id":9815,"date":"2025-03-10T07:49:46","date_gmt":"2025-03-10T11:49:46","guid":{"rendered":"https:\/\/jornaloalvorada.com.br\/site\/?p=9815"},"modified":"2025-03-10T07:49:48","modified_gmt":"2025-03-10T11:49:48","slug":"brasil-alcanca-menor-indice-de-casos-e-mortes-por-covid-19","status":"publish","type":"post","link":"https:\/\/jornaloalvorada.com.br\/site\/2025\/03\/10\/brasil-alcanca-menor-indice-de-casos-e-mortes-por-covid-19\/","title":{"rendered":"Brasil alcan\u00e7a menor \u00edndice de casos e mortes por Covid-19"},"content":{"rendered":"\n<p>O <a href=\"http:\/\/www.jovempan.com.br\/tag\/ministerio-da-saude\" target=\"_blank\" rel=\"noreferrer noopener\"><strong>Minist\u00e9rio da Sa\u00fade<\/strong><\/a> do Brasil divulgou recentemente dados que revelam uma redu\u00e7\u00e3o significativa nos casos e mortes por <a href=\"http:\/\/www.jovempan.com.br\/tag\/covid-19\" target=\"_blank\" rel=\"noreferrer noopener\"><strong>Covid-19<\/strong><\/a> no pa\u00eds. Em 2024, foram notificados aproximadamente 862 mil casos, representando uma queda de 54% em rela\u00e7\u00e3o a 2023 e uma impressionante redu\u00e7\u00e3o de 93,8% em compara\u00e7\u00e3o a 2022, quando mais de 14 milh\u00f5es de casos foram registrados. As mortes tamb\u00e9m diminu\u00edram drasticamente, com uma redu\u00e7\u00e3o de 59,6% em rela\u00e7\u00e3o a 2023 e de 92% em compara\u00e7\u00e3o a 2022, quando foram notificados mais de 74 mil \u00f3bitos. Em 2024, o n\u00famero de mortes caiu para 5.959.<\/p>\n\n\n\n<p>Os dados preliminares de 2025 continuam a mostrar uma tend\u00eancia de queda. At\u00e9 25 de fevereiro, foram reportados 130.507 casos e 664 \u00f3bitos. No mesmo per\u00edodo de 2024, j\u00e1 haviam sido registrados 310 mil casos e mais de 1.500 mortes. Essa redu\u00e7\u00e3o nos n\u00fameros ocorre na semana em que se completam cinco anos desde a chegada da Covid-19 ao Brasil, em mar\u00e7o de 2020.<\/p>\n\n\n\n<p><strong><em>Fonte: Jovem Pan<\/em><\/strong><\/p>\n","protected":false},"excerpt":{"rendered":"<p>O Minist\u00e9rio da Sa\u00fade do Brasil divulgou recentemente dados que revelam uma redu\u00e7\u00e3o significativa nos casos e mortes por Covid-19<\/p>\n","protected":false},"author":1,"featured_media":9816,"comment_status":"open","ping_status":"open","sticky":false,"template":"","format":"standard","meta":{"footnotes":""},"categories":[2],"tags":[],"class_list":["post-9815","post","type-post","status-publish","format-standard","has-post-thumbnail","hentry","category-noticias"],"_links":{"self":[{"href":"https:\/\/jornaloalvorada.com.br\/site\/wp-json\/wp\/v2\/posts\/9815","targetHints":{"allow":["GET"]}}],"collection":[{"href":"https:\/\/jornaloalvorada.com.br\/site\/wp-json\/wp\/v2\/posts"}],"about":[{"href":"https:\/\/jornaloalvorada.com.br\/site\/wp-json\/wp\/v2\/types\/post"}],"author":[{"embeddable":true,"href":"https:\/\/jornaloalvorada.com.br\/site\/wp-json\/wp\/v2\/users\/1"}],"replies":[{"embeddable":true,"href":"https:\/\/jornaloalvorada.com.br\/site\/wp-json\/wp\/v2\/comments?post=9815"}],"version-history":[{"count":1,"href":"https:\/\/jornaloalvorada.com.br\/site\/wp-json\/wp\/v2\/posts\/9815\/revisions"}],"predecessor-version":[{"id":9817,"href":"https:\/\/jornaloalvorada.com.br\/site\/wp-json\/wp\/v2\/posts\/9815\/revisions\/9817"}],"wp:featuredmedia":[{"embeddable":true,"href":"https:\/\/jornaloalvorada.com.br\/site\/wp-json\/wp\/v2\/media\/9816"}],"wp:attachment":[{"href":"https:\/\/jornaloalvorada.com.br\/site\/wp-json\/wp\/v2\/media?parent=9815"}],"wp:term":[{"taxonomy":"category","embeddable":true,"href":"https:\/\/jornaloalvorada.com.br\/site\/wp-json\/wp\/v2\/categories?post=9815"},{"taxonomy":"post_tag","embeddable":true,"href":"https:\/\/jornaloalvorada.com.br\/site\/wp-json\/wp\/v2\/tags?post=9815"}],"curies":[{"name":"wp","href":"https:\/\/api.w.org\/{rel}","templated":true}]}}