{"id":9740,"date":"2025-02-28T08:06:12","date_gmt":"2025-02-28T12:06:12","guid":{"rendered":"https:\/\/jornaloalvorada.com.br\/site\/?p=9740"},"modified":"2025-02-28T08:06:15","modified_gmt":"2025-02-28T12:06:15","slug":"prazo-para-pagamento-da-segunda-parcela-do-ipva-2025-vence-nesta-sexta-feira","status":"publish","type":"post","link":"https:\/\/jornaloalvorada.com.br\/site\/2025\/02\/28\/prazo-para-pagamento-da-segunda-parcela-do-ipva-2025-vence-nesta-sexta-feira\/","title":{"rendered":"Prazo para pagamento da segunda parcela do IPVA 2025 vence nesta sexta-feira"},"content":{"rendered":"\n<p>Os propriet\u00e1rios de ve\u00edculos automotores de Mato Grosso do Sul devem ficar atentos ao prazo para pagamento da segunda parcela do IPVA 2025, que vence nesta sexta-feira, dia 28 de fevereiro.<\/p>\n\n\n\n<p>Para aqueles que optaram pelo parcelamento, \u00e9 necess\u00e1rio gerar os boletos (DAEMS) por meio do portal e-Fazenda, acess\u00edvel pelo site <a href=\"https:\/\/eservicos.sefaz.ms.gov.br\/\">https:\/\/eservicos.sefaz.ms.gov.br\/<\/a>, na op\u00e7\u00e3o &#8220;IPVA \u2013 Cidad\u00e3o&#8221;. Caso seja o primeiro acesso, \u00e9 necess\u00e1rio realizar um breve cadastro.<\/p>\n\n\n\n<p>A Secretaria Estadual de Fazenda (Sefaz-MS) tamb\u00e9m disponibiliza o endere\u00e7o <a href=\"https:\/\/servicos.efazenda.ms.gov.br\/ipvapublico\/Home\/Index\">https:\/\/servicos.efazenda.ms.gov.br\/ipvapublico\/Home\/Index<\/a> para a opera\u00e7\u00e3o. Basta preencher o campo \u201cConsulta\u201d com o n\u00famero da placa e o Renavam do ve\u00edculo para prosseguir com a solicita\u00e7\u00e3o.<\/p>\n\n\n\n<p>As pr\u00f3ximas parcelas vencem nos dias 31 de mar\u00e7o, 30 de abril e 30 de maio. O atraso no pagamento resultar\u00e1 na incid\u00eancia de juros de mora e multa.<\/p>\n\n\n\n<p>O pagamento poder\u00e1 ser feito de v\u00e1rias formas:<\/p>\n\n\n\n<p><strong>+ <\/strong>Via Pix<\/p>\n\n\n\n<p><strong>+ <\/strong>diretamente nos bancos credenciados que recolhem tributos do Estado de MS, em qualquer Unidade da Federa\u00e7\u00e3o. S\u00e3o eles:<br>001 \u2013 BANCO DO BRASIL<br>033 \u2013 SANTANDER<br>070 \u2013 BANCO DE BRASILIA<br>104 \u2013 CAIXA ECON\u00d4MICA FEDERAL<br>237 \u2013 BANCO BRADESCO S\/A<br>341 \u2013 BANCO ITA\u00da<br>422 \u2013 SAFRA<br>748 \u2013 BANCO SICREDI<br>756 \u2013 SICOOB (Conta F\u00e1cil)<\/p>\n\n\n\n<p><strong>+ <\/strong>postos de arrecada\u00e7\u00e3o do Detran-MS<\/p>\n\n\n\n<p>+ nas ag\u00eancias dos Correios<\/p>\n\n\n\n<p>+ pela internet atrav\u00e9s dos bancos conveniados<\/p>\n\n\n\n<p>+ nos F\u00e1cil de Campo Grande (Aero Rancho, Guaicurus, Cel. Antonino e Shopping Bosque dos Ip\u00eas), no hor\u00e1rio das 8h \u00e0s 16h<\/p>\n\n\n\n<p>+ nos caixas eletr\u00f4nicos atrav\u00e9s do c\u00f3digo de barras<\/p>\n\n\n\n<p>+ nas casas lot\u00e9ricas para valores de at\u00e9 R$ 1.000, at\u00e9 \u00e0s 18h<\/p>\n\n\n\n<p>Os contribuintes com d\u00e9bitos de IPVA de anos anteriores tamb\u00e9m podem regularizar sua situa\u00e7\u00e3o. Caso o d\u00e9bito n\u00e3o esteja inscrito em d\u00edvida ativa, \u00e9 poss\u00edvel parcelar a pend\u00eancia em at\u00e9 10 vezes pelo portal e-Fazenda ou buscar atendimento em uma das Ag\u00eancias Fazend\u00e1rias (Agenfas) espalhadas pelo Estado.<\/p>\n\n\n\n<p>A n\u00e3o comprova\u00e7\u00e3o do pagamento do IPVA impede o licenciamento, a transfer\u00eancia ou o registro do ve\u00edculo, podendo acarretar penalidades e restri\u00e7\u00f5es para o propriet\u00e1rio.<\/p>\n\n\n\n<p><em>Comunica\u00e7\u00e3o Sefaz<br>Foto: Saul Schramm\/Secom\/Arquivo<\/em><\/p>\n","protected":false},"excerpt":{"rendered":"<p>Os propriet\u00e1rios de ve\u00edculos automotores de Mato Grosso do Sul devem ficar atentos ao prazo para pagamento da segunda parcela<\/p>\n","protected":false},"author":1,"featured_media":961,"comment_status":"open","ping_status":"open","sticky":false,"template":"","format":"standard","meta":{"footnotes":""},"categories":[2],"tags":[],"class_list":["post-9740","post","type-post","status-publish","format-standard","has-post-thumbnail","hentry","category-noticias"],"_links":{"self":[{"href":"https:\/\/jornaloalvorada.com.br\/site\/wp-json\/wp\/v2\/posts\/9740","targetHints":{"allow":["GET"]}}],"collection":[{"href":"https:\/\/jornaloalvorada.com.br\/site\/wp-json\/wp\/v2\/posts"}],"about":[{"href":"https:\/\/jornaloalvorada.com.br\/site\/wp-json\/wp\/v2\/types\/post"}],"author":[{"embeddable":true,"href":"https:\/\/jornaloalvorada.com.br\/site\/wp-json\/wp\/v2\/users\/1"}],"replies":[{"embeddable":true,"href":"https:\/\/jornaloalvorada.com.br\/site\/wp-json\/wp\/v2\/comments?post=9740"}],"version-history":[{"count":1,"href":"https:\/\/jornaloalvorada.com.br\/site\/wp-json\/wp\/v2\/posts\/9740\/revisions"}],"predecessor-version":[{"id":9741,"href":"https:\/\/jornaloalvorada.com.br\/site\/wp-json\/wp\/v2\/posts\/9740\/revisions\/9741"}],"wp:featuredmedia":[{"embeddable":true,"href":"https:\/\/jornaloalvorada.com.br\/site\/wp-json\/wp\/v2\/media\/961"}],"wp:attachment":[{"href":"https:\/\/jornaloalvorada.com.br\/site\/wp-json\/wp\/v2\/media?parent=9740"}],"wp:term":[{"taxonomy":"category","embeddable":true,"href":"https:\/\/jornaloalvorada.com.br\/site\/wp-json\/wp\/v2\/categories?post=9740"},{"taxonomy":"post_tag","embeddable":true,"href":"https:\/\/jornaloalvorada.com.br\/site\/wp-json\/wp\/v2\/tags?post=9740"}],"curies":[{"name":"wp","href":"https:\/\/api.w.org\/{rel}","templated":true}]}}