{"id":9737,"date":"2025-02-28T08:04:53","date_gmt":"2025-02-28T12:04:53","guid":{"rendered":"https:\/\/jornaloalvorada.com.br\/site\/?p=9737"},"modified":"2025-02-28T08:04:55","modified_gmt":"2025-02-28T12:04:55","slug":"agems-alerta-sobre-risco-de-transporte-clandestino-e-da-dicas-para-viagem-segura-no-carnaval","status":"publish","type":"post","link":"https:\/\/jornaloalvorada.com.br\/site\/2025\/02\/28\/agems-alerta-sobre-risco-de-transporte-clandestino-e-da-dicas-para-viagem-segura-no-carnaval\/","title":{"rendered":"Agems alerta sobre risco de transporte clandestino e d\u00e1 dicas para viagem segura no Carnaval"},"content":{"rendered":"\n<p>O Carnaval chegou, e com ele o aumento da oferta de viagens em carros particulares, especialmente com destino a cidades tur\u00edsticas, onde a natureza e o agito das festas de rua atraem milhares de pessoas.<\/p>\n\n\n\n<p>Para quem quer aproveitar os festejos e est\u00e1 decidindo a melhor forma de viajar, a Ag\u00eancia Estadual de Regula\u00e7\u00e3o (Agems) alerta: transporte com cobran\u00e7a individual de passagem em carro particular \u00e9 proibido. A pr\u00e1tica \u00e9 um risco para o viajante e \u00e9 ilegal dentro do sistema de transporte p\u00fablico de passageiros.<\/p>\n\n\n\n<p>Nos terminais rodovi\u00e1rios, pontos oficiais de embarque e no App MS Trip, o viajante encontra os transportadores autorizados.<\/p>\n\n\n\n<p>A partir do dia 28, equipes de fiscaliza\u00e7\u00e3o refor\u00e7am as opera\u00e7\u00f5es nas rodovias e pontos de embarque, para tirar de circula\u00e7\u00e3o os clandestinos e conferir se os operadores legalizados est\u00e3o cumprindo as normas e os direitos dos usu\u00e1rios.<\/p>\n\n\n\n<p>\u201cO passageiro precisa lembrar que n\u00e3o tem direitos e seguran\u00e7a garantidos ao aceitar viajar com terceiros em carro particular. Em caso de descumprimento do combinado \u2013 ou mesmo em caso de eventual acidente ou atraso, por exemplo \u2013 o viajante n\u00e3o est\u00e1 protegido como um passageiro de transporte p\u00fablico regularizado\u201d, orienta a diretora de Transportes, Caroline Tomanquevez.<\/p>\n\n\n\n<p><strong>&#8216;Carona amiga&#8217; x transporte clandestino<\/strong><\/p>\n\n\n\n<p>Nas redes sociais e aplicativos de mensagens, o feriado festivo faz surgir grande n\u00famero de motoristas oferecendo vagas em carros de passeio. \u201cMuitas vezes essa ilegalidade vem disfar\u00e7ada de \u2018carona amiga\u2019. Mas \u00e9 importante diferenciar o tipo de carona que algu\u00e9m pode oferecer no pr\u00f3prio ve\u00edculo, e a pr\u00e1tica ilegal de transporte remunerado de pessoas\u201d, lembra a coordenadora de fiscaliza\u00e7\u00e3o, Aline Melo.<\/p>\n\n\n\n<p>Uma carona leg\u00edtima, por si s\u00f3, n\u00e3o interfere no servi\u00e7o p\u00fablico de transporte, desde que n\u00e3o seja desvirtuada com a cobran\u00e7a de &#8216;passagem&#8217;.<\/p>\n\n\n\n<figure class=\"wp-block-image\"><a href=\"https:\/\/agenciadenoticias.ms.gov.br\/wp-content\/uploads\/2025\/02\/terminal-rodoviario-de-Dourados-fiscalizacao.jpeg\"><img decoding=\"async\" src=\"https:\/\/agenciadenoticias.ms.gov.br\/wp-content\/uploads\/2025\/02\/terminal-rodoviario-de-Dourados-fiscalizacao.jpeg\" alt=\"\"\/><\/a><\/figure>\n\n\n\n<p>Apenas pode ser considerado carona, se o transporte:<\/p>\n\n\n\n<p><em>N\u00e3o se destina a que o motorista tenha ganho financeiro com a pr\u00e1tica como se fosse um prestador de servi\u00e7o, caso contr\u00e1rio configura transporte clandestino.<\/em><\/p>\n\n\n\n<p><em>Se a pessoa que oferece a carona \u00e9 quem tem a motiva\u00e7\u00e3o prim\u00e1ria para a viagem. Um propriet\u00e1rio de ve\u00edculo n\u00e3o pode cobrar para fazer uma ou mais viagens unicamente visando atender aos interesses de outros passageiros, como se fosse um transportador profissional.<\/em><\/p>\n\n\n\n<p><em>N\u00e3o tiver uma frequ\u00eancia regular entre determinada origem e destino, cobrando pela viagem.<\/em><\/p>\n\n\n\n<p><strong>Viagem legal, viagem segura<\/strong><\/p>\n\n\n\n<p>Para facilitar a vida dos passageiros na busca por linhas, hor\u00e1rios e empresas que operam entre as cidades de Mato Grosso do Sul, a Agems disponibiliza o aplicativo MS Trip. Basta fazer a busca por origem e destino para encontrar operadores de transporte devidamente legalizados.<\/p>\n\n\n\n<p>Como esse \u00e9 um per\u00edodo de grande movimento, \u00e9 importante se atentar ao hor\u00e1rio de embarque e chegar com anteced\u00eancia. A bordo do \u00f4nibus, o uso do cinto de seguran\u00e7a \u00e9 indispens\u00e1vel.<\/p>\n\n\n\n<p><em>Gizele Oliveira, Comunica\u00e7\u00e3o Agems<\/em><br><em>Fotos: Agems\/Arquivo<\/em><\/p>\n","protected":false},"excerpt":{"rendered":"<p>O Carnaval chegou, e com ele o aumento da oferta de viagens em carros particulares, especialmente com destino a cidades<\/p>\n","protected":false},"author":1,"featured_media":9738,"comment_status":"open","ping_status":"open","sticky":false,"template":"","format":"standard","meta":{"footnotes":""},"categories":[2],"tags":[],"class_list":["post-9737","post","type-post","status-publish","format-standard","has-post-thumbnail","hentry","category-noticias"],"_links":{"self":[{"href":"https:\/\/jornaloalvorada.com.br\/site\/wp-json\/wp\/v2\/posts\/9737","targetHints":{"allow":["GET"]}}],"collection":[{"href":"https:\/\/jornaloalvorada.com.br\/site\/wp-json\/wp\/v2\/posts"}],"about":[{"href":"https:\/\/jornaloalvorada.com.br\/site\/wp-json\/wp\/v2\/types\/post"}],"author":[{"embeddable":true,"href":"https:\/\/jornaloalvorada.com.br\/site\/wp-json\/wp\/v2\/users\/1"}],"replies":[{"embeddable":true,"href":"https:\/\/jornaloalvorada.com.br\/site\/wp-json\/wp\/v2\/comments?post=9737"}],"version-history":[{"count":1,"href":"https:\/\/jornaloalvorada.com.br\/site\/wp-json\/wp\/v2\/posts\/9737\/revisions"}],"predecessor-version":[{"id":9739,"href":"https:\/\/jornaloalvorada.com.br\/site\/wp-json\/wp\/v2\/posts\/9737\/revisions\/9739"}],"wp:featuredmedia":[{"embeddable":true,"href":"https:\/\/jornaloalvorada.com.br\/site\/wp-json\/wp\/v2\/media\/9738"}],"wp:attachment":[{"href":"https:\/\/jornaloalvorada.com.br\/site\/wp-json\/wp\/v2\/media?parent=9737"}],"wp:term":[{"taxonomy":"category","embeddable":true,"href":"https:\/\/jornaloalvorada.com.br\/site\/wp-json\/wp\/v2\/categories?post=9737"},{"taxonomy":"post_tag","embeddable":true,"href":"https:\/\/jornaloalvorada.com.br\/site\/wp-json\/wp\/v2\/tags?post=9737"}],"curies":[{"name":"wp","href":"https:\/\/api.w.org\/{rel}","templated":true}]}}