{"id":9733,"date":"2025-02-28T08:03:10","date_gmt":"2025-02-28T12:03:10","guid":{"rendered":"https:\/\/jornaloalvorada.com.br\/site\/?p=9733"},"modified":"2025-02-28T08:03:12","modified_gmt":"2025-02-28T12:03:12","slug":"prefeitura-municipal-segue-com-os-trabalhos-de-manutencao-e-infraestrutura-urbana","status":"publish","type":"post","link":"https:\/\/jornaloalvorada.com.br\/site\/2025\/02\/28\/prefeitura-municipal-segue-com-os-trabalhos-de-manutencao-e-infraestrutura-urbana\/","title":{"rendered":"Prefeitura Municipal segue com os trabalhos de manuten\u00e7\u00e3o e infraestrutura urbana"},"content":{"rendered":"\n<p>A Prefeitura Municipal segue com os trabalhos de manuten\u00e7\u00e3o e infraestrutura urbana. As equipes atuaram nesta quinta-feira (27) na retirada de entulho, servi\u00e7os de tapa-buraco e gradagem de terrenos baldios, garantindo mais seguran\u00e7a e qualidade de vida para a popula\u00e7\u00e3o.<\/p>\n\n\n\n<p>Essas a\u00e7\u00f5es s\u00e3o fundamentais para manter a cidade limpa, a Secretaria de Obras pede a colabora\u00e7\u00e3o da popula\u00e7\u00e3o para manter os terrenos baldios limpos, evitando o ac\u00famulo de entulho e a prolifera\u00e7\u00e3o de pragas e doen\u00e7as.<\/p>\n\n\n\n<p>Cuidar da cidade \u00e9 um dever de todos!<\/p>\n","protected":false},"excerpt":{"rendered":"<p>A Prefeitura Municipal segue com os trabalhos de manuten\u00e7\u00e3o e infraestrutura urbana. As equipes atuaram nesta quinta-feira (27) na retirada<\/p>\n","protected":false},"author":1,"featured_media":9734,"comment_status":"open","ping_status":"open","sticky":false,"template":"","format":"standard","meta":{"footnotes":""},"categories":[2],"tags":[],"class_list":["post-9733","post","type-post","status-publish","format-standard","has-post-thumbnail","hentry","category-noticias"],"_links":{"self":[{"href":"https:\/\/jornaloalvorada.com.br\/site\/wp-json\/wp\/v2\/posts\/9733","targetHints":{"allow":["GET"]}}],"collection":[{"href":"https:\/\/jornaloalvorada.com.br\/site\/wp-json\/wp\/v2\/posts"}],"about":[{"href":"https:\/\/jornaloalvorada.com.br\/site\/wp-json\/wp\/v2\/types\/post"}],"author":[{"embeddable":true,"href":"https:\/\/jornaloalvorada.com.br\/site\/wp-json\/wp\/v2\/users\/1"}],"replies":[{"embeddable":true,"href":"https:\/\/jornaloalvorada.com.br\/site\/wp-json\/wp\/v2\/comments?post=9733"}],"version-history":[{"count":1,"href":"https:\/\/jornaloalvorada.com.br\/site\/wp-json\/wp\/v2\/posts\/9733\/revisions"}],"predecessor-version":[{"id":9735,"href":"https:\/\/jornaloalvorada.com.br\/site\/wp-json\/wp\/v2\/posts\/9733\/revisions\/9735"}],"wp:featuredmedia":[{"embeddable":true,"href":"https:\/\/jornaloalvorada.com.br\/site\/wp-json\/wp\/v2\/media\/9734"}],"wp:attachment":[{"href":"https:\/\/jornaloalvorada.com.br\/site\/wp-json\/wp\/v2\/media?parent=9733"}],"wp:term":[{"taxonomy":"category","embeddable":true,"href":"https:\/\/jornaloalvorada.com.br\/site\/wp-json\/wp\/v2\/categories?post=9733"},{"taxonomy":"post_tag","embeddable":true,"href":"https:\/\/jornaloalvorada.com.br\/site\/wp-json\/wp\/v2\/tags?post=9733"}],"curies":[{"name":"wp","href":"https:\/\/api.w.org\/{rel}","templated":true}]}}