{"id":9687,"date":"2025-02-26T09:22:09","date_gmt":"2025-02-26T13:22:09","guid":{"rendered":"https:\/\/jornaloalvorada.com.br\/site\/?p=9687"},"modified":"2025-02-26T09:23:59","modified_gmt":"2025-02-26T13:23:59","slug":"geraldo-resende-reforca-compromisso-com-a-saude-dos-municipios-de-ms","status":"publish","type":"post","link":"https:\/\/jornaloalvorada.com.br\/site\/2025\/02\/26\/geraldo-resende-reforca-compromisso-com-a-saude-dos-municipios-de-ms\/","title":{"rendered":"Geraldo Resende refor\u00e7a compromisso com a sa\u00fade dos munic\u00edpios de MS"},"content":{"rendered":"\n<p>A sa\u00fade p\u00fablica de Mato Grosso do Sul segue avan\u00e7ando com investimentos e parcerias estrat\u00e9gicas. Durante o evento \u201cAcolhe Sa\u00fade\u201d, realizado em Campo Grande, o Governo do Estado anunciou a destina\u00e7\u00e3o de R$ 27 milh\u00f5es para a compra de 52 ambul\u00e2ncias e 52 ve\u00edculos para refor\u00e7ar o atendimento nos munic\u00edpios.<\/p>\n\n\n\n<p>O governador Eduardo Riedel enfatizou que a sa\u00fade \u00e9 prioridade e destacou a parceria com a bancada federal para garantir melhorias no setor. \u201cS\u00e3o 104 ve\u00edculos para os munic\u00edpios do Estado, resultado de um trabalho conjunto que atende \u00e0s demandas da popula\u00e7\u00e3o\u201d, afirmou.<\/p>\n\n\n\n<p>O deputado federal Geraldo Resende tem sido um dos grandes articuladores desse avan\u00e7o, garantindo recursos para fortalecer a sa\u00fade nos 79 munic\u00edpios. Durante o evento, ele destacou a entrega de 11 ambul\u00e2ncias para cidades como Jate\u00ed, Sete Quedas, Mundo Novo, Anauril\u00e2ndia e Deod\u00e1polis. \u201cEssas unidades s\u00e3o essenciais para agilizar o atendimento e garantir mais qualidade nos servi\u00e7os de sa\u00fade\u201d, ressaltou.<\/p>\n\n\n\n<p>Al\u00e9m disso, o vice-governador Barbosinha refor\u00e7ou o compromisso da gest\u00e3o estadual com a estrutura\u00e7\u00e3o da rede p\u00fablica de sa\u00fade. Com investimentos cont\u00ednuos e a\u00e7\u00f5es estrat\u00e9gicas, o governo e seus parceiros seguem trabalhando para oferecer um atendimento cada vez mais eficiente e acess\u00edvel \u00e0 popula\u00e7\u00e3o sul-mato-grossense.<\/p>\n\n\n\n<figure class=\"wp-block-image size-large\"><img loading=\"lazy\" decoding=\"async\" width=\"1024\" height=\"673\" src=\"https:\/\/jornaloalvorada.com.br\/site\/wp-content\/uploads\/2025\/02\/image-5-1024x673.png\" alt=\"\" class=\"wp-image-9696\" srcset=\"https:\/\/jornaloalvorada.com.br\/site\/wp-content\/uploads\/2025\/02\/image-5-1024x673.png 1024w, https:\/\/jornaloalvorada.com.br\/site\/wp-content\/uploads\/2025\/02\/image-5-300x197.png 300w, https:\/\/jornaloalvorada.com.br\/site\/wp-content\/uploads\/2025\/02\/image-5-768x505.png 768w, https:\/\/jornaloalvorada.com.br\/site\/wp-content\/uploads\/2025\/02\/image-5.png 1440w\" sizes=\"auto, (max-width: 1024px) 100vw, 1024px\" \/><\/figure>\n\n\n\n<figure class=\"wp-block-image size-large\"><img loading=\"lazy\" decoding=\"async\" width=\"819\" height=\"1024\" src=\"https:\/\/jornaloalvorada.com.br\/site\/wp-content\/uploads\/2025\/02\/image-3-819x1024.png\" alt=\"\" class=\"wp-image-9692\" srcset=\"https:\/\/jornaloalvorada.com.br\/site\/wp-content\/uploads\/2025\/02\/image-3-819x1024.png 819w, https:\/\/jornaloalvorada.com.br\/site\/wp-content\/uploads\/2025\/02\/image-3-240x300.png 240w, https:\/\/jornaloalvorada.com.br\/site\/wp-content\/uploads\/2025\/02\/image-3-768x960.png 768w, https:\/\/jornaloalvorada.com.br\/site\/wp-content\/uploads\/2025\/02\/image-3-1229x1536.png 1229w, https:\/\/jornaloalvorada.com.br\/site\/wp-content\/uploads\/2025\/02\/image-3.png 1440w\" sizes=\"auto, (max-width: 819px) 100vw, 819px\" \/><\/figure>\n\n\n\n<figure class=\"wp-block-image size-large\"><img loading=\"lazy\" decoding=\"async\" width=\"886\" height=\"1024\" src=\"https:\/\/jornaloalvorada.com.br\/site\/wp-content\/uploads\/2025\/02\/image-4-886x1024.png\" alt=\"\" class=\"wp-image-9693\" srcset=\"https:\/\/jornaloalvorada.com.br\/site\/wp-content\/uploads\/2025\/02\/image-4-886x1024.png 886w, https:\/\/jornaloalvorada.com.br\/site\/wp-content\/uploads\/2025\/02\/image-4-260x300.png 260w, https:\/\/jornaloalvorada.com.br\/site\/wp-content\/uploads\/2025\/02\/image-4-768x887.png 768w, https:\/\/jornaloalvorada.com.br\/site\/wp-content\/uploads\/2025\/02\/image-4-1329x1536.png 1329w, https:\/\/jornaloalvorada.com.br\/site\/wp-content\/uploads\/2025\/02\/image-4.png 1440w\" sizes=\"auto, (max-width: 886px) 100vw, 886px\" \/><\/figure>\n\n\n\n<p><strong><em>Por: De Olho na Not\u00edcia<\/em><\/strong><\/p>\n\n\n\n<p>Com informa\u00e7\u00f5es <a href=\"https:\/\/www.instagram.com\/_u\/geraldoresendems?fbclid=IwZXh0bgNhZW0CMTAAAR3apiov88Gq_ezOqBCUaUiiYcJ9547l1PBWJtxcxmNRpUr_9wFhCejKFVE_aem_oGFLk9aA8d_mLKtEf2X9sg\" rel=\"noreferrer noopener\" target=\"_blank\">@geraldoresendems<\/a> e <a href=\"https:\/\/www.instagram.com\/_u\/governoms?fbclid=IwZXh0bgNhZW0CMTAAAR2T4MEtrFS6qr2aD8HEvV2AR3dtboJm4TsRGXQYYQvBeOcetqY6eV3nBNQ_aem_racafn_fWm5m3mp2881tDg\" rel=\"noreferrer noopener\" target=\"_blank\">@governoms<\/a><\/p>\n","protected":false},"excerpt":{"rendered":"<p>A sa\u00fade p\u00fablica de Mato Grosso do Sul segue avan\u00e7ando com investimentos e parcerias estrat\u00e9gicas. Durante o evento \u201cAcolhe Sa\u00fade\u201d,<\/p>\n","protected":false},"author":1,"featured_media":9688,"comment_status":"open","ping_status":"open","sticky":false,"template":"","format":"standard","meta":{"footnotes":""},"categories":[2],"tags":[],"class_list":["post-9687","post","type-post","status-publish","format-standard","has-post-thumbnail","hentry","category-noticias"],"_links":{"self":[{"href":"https:\/\/jornaloalvorada.com.br\/site\/wp-json\/wp\/v2\/posts\/9687","targetHints":{"allow":["GET"]}}],"collection":[{"href":"https:\/\/jornaloalvorada.com.br\/site\/wp-json\/wp\/v2\/posts"}],"about":[{"href":"https:\/\/jornaloalvorada.com.br\/site\/wp-json\/wp\/v2\/types\/post"}],"author":[{"embeddable":true,"href":"https:\/\/jornaloalvorada.com.br\/site\/wp-json\/wp\/v2\/users\/1"}],"replies":[{"embeddable":true,"href":"https:\/\/jornaloalvorada.com.br\/site\/wp-json\/wp\/v2\/comments?post=9687"}],"version-history":[{"count":4,"href":"https:\/\/jornaloalvorada.com.br\/site\/wp-json\/wp\/v2\/posts\/9687\/revisions"}],"predecessor-version":[{"id":9697,"href":"https:\/\/jornaloalvorada.com.br\/site\/wp-json\/wp\/v2\/posts\/9687\/revisions\/9697"}],"wp:featuredmedia":[{"embeddable":true,"href":"https:\/\/jornaloalvorada.com.br\/site\/wp-json\/wp\/v2\/media\/9688"}],"wp:attachment":[{"href":"https:\/\/jornaloalvorada.com.br\/site\/wp-json\/wp\/v2\/media?parent=9687"}],"wp:term":[{"taxonomy":"category","embeddable":true,"href":"https:\/\/jornaloalvorada.com.br\/site\/wp-json\/wp\/v2\/categories?post=9687"},{"taxonomy":"post_tag","embeddable":true,"href":"https:\/\/jornaloalvorada.com.br\/site\/wp-json\/wp\/v2\/tags?post=9687"}],"curies":[{"name":"wp","href":"https:\/\/api.w.org\/{rel}","templated":true}]}}