{"id":9616,"date":"2025-02-18T15:09:32","date_gmt":"2025-02-18T19:09:32","guid":{"rendered":"https:\/\/jornaloalvorada.com.br\/site\/?p=9616"},"modified":"2025-02-18T15:09:35","modified_gmt":"2025-02-18T19:09:35","slug":"incendio-no-projac-afeta-cidade-cenografica-da-novela-dona-de-mim-da-globo","status":"publish","type":"post","link":"https:\/\/jornaloalvorada.com.br\/site\/2025\/02\/18\/incendio-no-projac-afeta-cidade-cenografica-da-novela-dona-de-mim-da-globo\/","title":{"rendered":"Inc\u00eandio no Projac afeta cidade cenogr\u00e1fica da novela Dona de Mim, da Globo"},"content":{"rendered":"\n<p>Um inc\u00eandio atinge uma \u00e1rea da Cidade Cenogr\u00e1fica nos Est\u00fadios Globo no bairro da Curicica, na zona oeste do Rio de Janeiro, na tarde desta ter\u00e7a-feira (18). A \u00e1rea afetada faz parte das grava\u00e7\u00f5es da novela Dona de Mim, segundo informou a TV Globo.<\/p>\n\n\n\n<p>Segundo o Corpo de Bombeiros, o fogo acontece em um galp\u00e3o, na Estrada do Bandeirantes, altura do n\u00famero 6.700. Equipes foram acionadas para atender a ocorr\u00eancia por volta das 14h05.<\/p>\n\n\n\n<p>A corpora\u00e7\u00e3o informou que cerca de 40 militares de sete unidades trabalham no combate \u00e0s chamas. Al\u00e9m de 13 viaturas, os Bombeiros tamb\u00e9m trabalham com o apoio de drones com c\u00e2meras t\u00e9rmicas.<\/p>\n\n\n\n<p>Em um v\u00eddeo compartilhado nas redes sociais \u00e9 poss\u00edvel ver as chamas destruindo parte do lugar onde acontece o inc\u00eandio.<\/p>\n\n\n\n<p><\/p>\n","protected":false},"excerpt":{"rendered":"<p>Um inc\u00eandio atinge uma \u00e1rea da Cidade Cenogr\u00e1fica nos Est\u00fadios Globo no bairro da Curicica, na zona oeste do Rio<\/p>\n","protected":false},"author":1,"featured_media":9617,"comment_status":"open","ping_status":"open","sticky":false,"template":"","format":"standard","meta":{"footnotes":""},"categories":[2],"tags":[],"class_list":["post-9616","post","type-post","status-publish","format-standard","has-post-thumbnail","hentry","category-noticias"],"_links":{"self":[{"href":"https:\/\/jornaloalvorada.com.br\/site\/wp-json\/wp\/v2\/posts\/9616","targetHints":{"allow":["GET"]}}],"collection":[{"href":"https:\/\/jornaloalvorada.com.br\/site\/wp-json\/wp\/v2\/posts"}],"about":[{"href":"https:\/\/jornaloalvorada.com.br\/site\/wp-json\/wp\/v2\/types\/post"}],"author":[{"embeddable":true,"href":"https:\/\/jornaloalvorada.com.br\/site\/wp-json\/wp\/v2\/users\/1"}],"replies":[{"embeddable":true,"href":"https:\/\/jornaloalvorada.com.br\/site\/wp-json\/wp\/v2\/comments?post=9616"}],"version-history":[{"count":1,"href":"https:\/\/jornaloalvorada.com.br\/site\/wp-json\/wp\/v2\/posts\/9616\/revisions"}],"predecessor-version":[{"id":9618,"href":"https:\/\/jornaloalvorada.com.br\/site\/wp-json\/wp\/v2\/posts\/9616\/revisions\/9618"}],"wp:featuredmedia":[{"embeddable":true,"href":"https:\/\/jornaloalvorada.com.br\/site\/wp-json\/wp\/v2\/media\/9617"}],"wp:attachment":[{"href":"https:\/\/jornaloalvorada.com.br\/site\/wp-json\/wp\/v2\/media?parent=9616"}],"wp:term":[{"taxonomy":"category","embeddable":true,"href":"https:\/\/jornaloalvorada.com.br\/site\/wp-json\/wp\/v2\/categories?post=9616"},{"taxonomy":"post_tag","embeddable":true,"href":"https:\/\/jornaloalvorada.com.br\/site\/wp-json\/wp\/v2\/tags?post=9616"}],"curies":[{"name":"wp","href":"https:\/\/api.w.org\/{rel}","templated":true}]}}