{"id":9605,"date":"2025-02-17T15:11:57","date_gmt":"2025-02-17T19:11:57","guid":{"rendered":"https:\/\/jornaloalvorada.com.br\/site\/?p=9605"},"modified":"2025-02-17T15:11:59","modified_gmt":"2025-02-17T19:11:59","slug":"riedel-sera-o-primeiro-governador-de-ms-a-ser-entrevistado-no-programa-roda-viva","status":"publish","type":"post","link":"https:\/\/jornaloalvorada.com.br\/site\/2025\/02\/17\/riedel-sera-o-primeiro-governador-de-ms-a-ser-entrevistado-no-programa-roda-viva\/","title":{"rendered":"Riedel ser\u00e1 o primeiro governador de MS a ser entrevistado no programa Roda Viva"},"content":{"rendered":"\n<p>Eduardo Riedel (PSDB) ser\u00e1 o primeiro governador de Mato Grosso do Sul a ser entrevistado pelo programa Roda Viva, da TV Cultura. O tucano ser\u00e1 o entrevistado desta segunda-feira (17), a partir das 21h, ao vivo e dever\u00e1 abordar a crise do PSDB, que pode acabar neste ano apesar de ter governado o Brasil por oito anos.<\/p>\n\n\n\n<p>Essa \u00e9 a primeira vez que um governador do Estado participa do programa voltado para a entrevista para lideran\u00e7as nacionais, como ministros de Estado, presidentes da Rep\u00fablica, economistas e intelectuais.<\/p>\n\n\n\n<p>Participam da bancada de entrevistadores St\u00e9fanie Rigamonti, rep\u00f3rter do Painel S.A. e da Folha de S. Paulo, Diego Sarza, apresentador do Canal Uol, Cassiano Ribeiro, diretor de reda\u00e7\u00e3o da revista Globo Rural, Marcella Lourenzetto, rep\u00f3rter da r\u00e1dio CBN, e Joelmir Tavares, rep\u00f3rter do Valor Econ\u00f4mico.<\/p>\n\n\n\n<p>Com apresenta\u00e7\u00e3o de Vera Magalh\u00e3es, o Roda Viva \u00e9 exibido pela TV Cultura, no site da emissora, app Cultura Play, al\u00e9m de YouTube, X, Tik Tok e Facebook. Os desenhos em tempo real s\u00e3o de Luciano Veronezi.<\/p>\n\n\n\n<p>Riedel \u00e9 um dos tr\u00eas governadores do PSDB, que ainda comanda Pernambuco com Raquel Lyra e o Rio Grande do Sul, com Eduardo Leite. A sigla pode ser absorvida por outro partido, como o PSD, ou criar uma novo partido a partir da fus\u00e3o com o MDB e Republicanos.<\/p>\n\n\n\n<p><strong><em>Fonte: O Jacar\u00e9<\/em><\/strong><\/p>\n","protected":false},"excerpt":{"rendered":"<p>Eduardo Riedel (PSDB) ser\u00e1 o primeiro governador de Mato Grosso do Sul a ser entrevistado pelo programa Roda Viva, da<\/p>\n","protected":false},"author":1,"featured_media":9606,"comment_status":"open","ping_status":"open","sticky":false,"template":"","format":"standard","meta":{"footnotes":""},"categories":[2],"tags":[],"class_list":["post-9605","post","type-post","status-publish","format-standard","has-post-thumbnail","hentry","category-noticias"],"_links":{"self":[{"href":"https:\/\/jornaloalvorada.com.br\/site\/wp-json\/wp\/v2\/posts\/9605","targetHints":{"allow":["GET"]}}],"collection":[{"href":"https:\/\/jornaloalvorada.com.br\/site\/wp-json\/wp\/v2\/posts"}],"about":[{"href":"https:\/\/jornaloalvorada.com.br\/site\/wp-json\/wp\/v2\/types\/post"}],"author":[{"embeddable":true,"href":"https:\/\/jornaloalvorada.com.br\/site\/wp-json\/wp\/v2\/users\/1"}],"replies":[{"embeddable":true,"href":"https:\/\/jornaloalvorada.com.br\/site\/wp-json\/wp\/v2\/comments?post=9605"}],"version-history":[{"count":1,"href":"https:\/\/jornaloalvorada.com.br\/site\/wp-json\/wp\/v2\/posts\/9605\/revisions"}],"predecessor-version":[{"id":9607,"href":"https:\/\/jornaloalvorada.com.br\/site\/wp-json\/wp\/v2\/posts\/9605\/revisions\/9607"}],"wp:featuredmedia":[{"embeddable":true,"href":"https:\/\/jornaloalvorada.com.br\/site\/wp-json\/wp\/v2\/media\/9606"}],"wp:attachment":[{"href":"https:\/\/jornaloalvorada.com.br\/site\/wp-json\/wp\/v2\/media?parent=9605"}],"wp:term":[{"taxonomy":"category","embeddable":true,"href":"https:\/\/jornaloalvorada.com.br\/site\/wp-json\/wp\/v2\/categories?post=9605"},{"taxonomy":"post_tag","embeddable":true,"href":"https:\/\/jornaloalvorada.com.br\/site\/wp-json\/wp\/v2\/tags?post=9605"}],"curies":[{"name":"wp","href":"https:\/\/api.w.org\/{rel}","templated":true}]}}