{"id":9601,"date":"2025-02-14T16:00:00","date_gmt":"2025-02-14T20:00:00","guid":{"rendered":"https:\/\/jornaloalvorada.com.br\/site\/?p=9601"},"modified":"2025-02-14T16:32:30","modified_gmt":"2025-02-14T20:32:30","slug":"atencao-visto-americano-sofre-alteracao-de-prazo-para-brasileiros","status":"publish","type":"post","link":"https:\/\/jornaloalvorada.com.br\/site\/2025\/02\/14\/atencao-visto-americano-sofre-alteracao-de-prazo-para-brasileiros\/","title":{"rendered":"Aten\u00e7\u00e3o! Visto americano sofre altera\u00e7\u00e3o de prazo para brasileiros"},"content":{"rendered":"\n<p>Os <strong>Estados Unidos<\/strong> implementaram uma altera\u00e7\u00e3o significativa no prazo para renova\u00e7\u00e3o de vistos americanos, afetando diretamente muitos cidad\u00e3os brasileiros interessados em viajar para o pa\u00eds. Anteriormente, solicitantes tinham at\u00e9 <strong>48 meses ap\u00f3s a data de expira\u00e7\u00e3o do visto<\/strong> para efetuar a renova\u00e7\u00e3o sem a necessidade de uma entrevista. Contudo, esse per\u00edodo <strong>foi reduzido drasticamente para 12 meses<\/strong>, retomando assim o prazo vigente antes do in\u00edcio da pandemia.<\/p>\n\n\n\n<p>Com tal mudan\u00e7a, os solicitantes cujos vistos expiraram h\u00e1 mais de um ano dever\u00e3o passar novamente pelo processo completo de obten\u00e7\u00e3o do documento, semelhante ao procedimento enfrentado por candidatos pela primeira vez. Esta atualiza\u00e7\u00e3o do prazo imp\u00f5e novas condi\u00e7\u00f5es, especialmente em termos de planejamento para viagens aos Estados Unidos.<\/p>\n\n\n\n<h2 class=\"wp-block-heading\">Quem pode renovar o visto sem entrevista?<\/h2>\n\n\n\n<p>Determinadas categorias de pessoas continuam eleg\u00edveis para renova\u00e7\u00e3o de visto sem a necessidade de uma entrevista. Entre elas, est\u00e3o indiv\u00edduos com menos de 14 anos ou mais de 79 anos. Contudo, o atendimento a esses crit\u00e9rios ainda n\u00e3o garante automaticamente a dispensa da entrevista; \u00e9 preciso cumprir requisitos espec\u00edficos para tal privil\u00e9gio.<\/p>\n\n\n\n<figure class=\"wp-block-image\"><img decoding=\"async\" src=\"https:\/\/terrabrasilnoticias.com\/wp-content\/uploads\/2025\/02\/irlanda_1739546801500-1024x576.jpg\" alt=\"Cr\u00e9ditos: depositphotos.com \/ aln2311\"\/><figcaption class=\"wp-element-caption\">Brasileiros precisam estar atentos as novas regras de renova\u00e7\u00e3o do visto americano \u2013 Cr\u00e9ditos: depositphotos.com \/ aln2311<\/figcaption><\/figure>\n\n\n\n<h2 class=\"wp-block-heading\">Quais os crit\u00e9rios para renova\u00e7\u00e3o sem entrevista?<\/h2>\n\n\n\n<p>Para estar apto \u00e0 renova\u00e7\u00e3o de visto sem entrevista, os candidatos devem atender a um conjunto de condi\u00e7\u00f5es espec\u00edficas:<\/p>\n\n\n\n<ul class=\"wp-block-list\">\n<li>Ser cidad\u00e3o brasileiro ou residente permanente no Brasil.<\/li>\n\n\n\n<li>Tener menos de 14 anos, mais de 79 anos ou possuir um visto americano v\u00e1lido \u2013 ou expirado nos \u00faltimos 12 meses \u2013 originalmente emitido entre as idades de 15 e 80 anos.<\/li>\n\n\n\n<li>O visto anterior n\u00e3o pode ter sido perdido, roubado, cancelado ou revogado.<\/li>\n\n\n\n<li>Nenhuma solicita\u00e7\u00e3o de visto americano anterior deve ter sido rejeitada.<\/li>\n\n\n\n<li>O candidato n\u00e3o deve ter hist\u00f3rico criminal, nem ter sido deportado ou impedido de entrar nos Estados Unidos.<\/li>\n<\/ul>\n\n\n\n<h2 class=\"wp-block-heading\">Como as atualiza\u00e7\u00f5es afetam os solicitantes?<\/h2>\n\n\n\n<p>Esta mudan\u00e7a na regulamenta\u00e7\u00e3o afeta consideravelmente o planejamento de viagens internacionais, especialmente para aqueles que estavam contando com o prazo estendido de 48 meses para renova\u00e7\u00e3o de seus vistos. Agora, manter um cronograma r\u00edgido para renova\u00e7\u00e3o tornou-se crucial para evitar problemas de viagem, considerando que processos completos podem levar algum tempo.<\/p>\n\n\n\n<p>Entender essas condi\u00e7\u00f5es se mostra essencial para qualquer pessoa que pretende renovar seu visto americano sem passar por uma entrevista. Manter-se atualizado sobre as diretrizes do consulado dos Estados Unidos no Brasil pode facilitar o processo e garantir que os documentos estejam sempre em ordem, minimizando contratempos durante a renova\u00e7\u00e3o.<\/p>\n\n\n\n<p><strong><em>Fonte: Terra Brasil Not\u00edcias<\/em><\/strong><\/p>\n\n\n\n<p><\/p>\n","protected":false},"excerpt":{"rendered":"<p>Os Estados Unidos implementaram uma altera\u00e7\u00e3o significativa no prazo para renova\u00e7\u00e3o de vistos americanos, afetando diretamente muitos cidad\u00e3os brasileiros interessados<\/p>\n","protected":false},"author":1,"featured_media":9602,"comment_status":"open","ping_status":"open","sticky":false,"template":"","format":"standard","meta":{"footnotes":""},"categories":[2],"tags":[],"class_list":["post-9601","post","type-post","status-publish","format-standard","has-post-thumbnail","hentry","category-noticias"],"_links":{"self":[{"href":"https:\/\/jornaloalvorada.com.br\/site\/wp-json\/wp\/v2\/posts\/9601","targetHints":{"allow":["GET"]}}],"collection":[{"href":"https:\/\/jornaloalvorada.com.br\/site\/wp-json\/wp\/v2\/posts"}],"about":[{"href":"https:\/\/jornaloalvorada.com.br\/site\/wp-json\/wp\/v2\/types\/post"}],"author":[{"embeddable":true,"href":"https:\/\/jornaloalvorada.com.br\/site\/wp-json\/wp\/v2\/users\/1"}],"replies":[{"embeddable":true,"href":"https:\/\/jornaloalvorada.com.br\/site\/wp-json\/wp\/v2\/comments?post=9601"}],"version-history":[{"count":1,"href":"https:\/\/jornaloalvorada.com.br\/site\/wp-json\/wp\/v2\/posts\/9601\/revisions"}],"predecessor-version":[{"id":9603,"href":"https:\/\/jornaloalvorada.com.br\/site\/wp-json\/wp\/v2\/posts\/9601\/revisions\/9603"}],"wp:featuredmedia":[{"embeddable":true,"href":"https:\/\/jornaloalvorada.com.br\/site\/wp-json\/wp\/v2\/media\/9602"}],"wp:attachment":[{"href":"https:\/\/jornaloalvorada.com.br\/site\/wp-json\/wp\/v2\/media?parent=9601"}],"wp:term":[{"taxonomy":"category","embeddable":true,"href":"https:\/\/jornaloalvorada.com.br\/site\/wp-json\/wp\/v2\/categories?post=9601"},{"taxonomy":"post_tag","embeddable":true,"href":"https:\/\/jornaloalvorada.com.br\/site\/wp-json\/wp\/v2\/tags?post=9601"}],"curies":[{"name":"wp","href":"https:\/\/api.w.org\/{rel}","templated":true}]}}