{"id":960,"date":"2023-03-31T12:35:42","date_gmt":"2023-03-31T16:35:42","guid":{"rendered":"https:\/\/jornaloalvorada.com.br\/site\/?p=960"},"modified":"2023-03-31T12:35:44","modified_gmt":"2023-03-31T16:35:44","slug":"termina-nesta-sexta-feira-o-prazo-para-pagar-a-3-parcela-do-ipva","status":"publish","type":"post","link":"https:\/\/jornaloalvorada.com.br\/site\/2023\/03\/31\/termina-nesta-sexta-feira-o-prazo-para-pagar-a-3-parcela-do-ipva\/","title":{"rendered":"Termina nesta sexta-feira o prazo para pagar a 3\u00b0 parcela do IPVA"},"content":{"rendered":"\n<p>Seguindo o calend\u00e1rio definido pelo Governo do Estado, nesta sexta-feira (31) termina o prazo para pagamento da 3\u00b0 parcela do IPVA (Imposto sobre a Propriedade de Ve\u00edculos Automotores) deste ano. Os pr\u00f3ximos vencimentos s\u00e3o em 28 de abril e 31 de maio.<\/p>\n\n\n\n<p>Quem n\u00e3o recebeu ou perdeu o boleto pode acessar a segunda via pelo canal de atendimento na internet:&nbsp;<a href=\"http:\/\/www.autoatendimento.ms.gov.br\/ipva\">www.autoatendimento.ms.gov.br\/ipva<\/a>.<\/p>\n\n\n\n<p>A arrecada\u00e7\u00e3o ajuda no desenvolvimento do Estado e dos Munic\u00edpios. Do montante arrecadado, metade \u00e9 destinado \u00e0s prefeituras das cidades de onde o ve\u00edculo foi emplacado.&nbsp;<\/p>\n\n\n\n<p><strong>Licenciamento<\/strong><\/p>\n\n\n\n<p>O Governo do Estado j\u00e1 disponibilizou o calend\u00e1rio para o pagamento de licenciamento dos ve\u00edculos. Para as placas de final 1 e 2 o vencimento ser\u00e1 at\u00e9 o \u00faltimo dia de abril. J\u00e1 quem tem ve\u00edculo com placa final 3, o vencimento \u00e9 em maio.&nbsp;<\/p>\n\n\n\n<p>Propriet\u00e1rios de autom\u00f3veis final 4 e 5 t\u00eam at\u00e9 o fim de junho. Julho \u00e9 o m\u00eas das placas final 6. Sete e 8 vencem em agosto. Placa final 9 vence em setembro e final 0 em outubro.<\/p>\n\n\n\n<p><strong><em>Leonardo Rocha, Comunica\u00e7\u00e3o do Governo de MS<\/em><br><em>Foto Capa: Arquivo<\/em><\/strong><\/p>\n","protected":false},"excerpt":{"rendered":"<p>Seguindo o calend\u00e1rio definido pelo Governo do Estado, nesta sexta-feira (31) termina o prazo para pagamento da 3\u00b0 parcela do<\/p>\n","protected":false},"author":1,"featured_media":961,"comment_status":"open","ping_status":"open","sticky":false,"template":"","format":"standard","meta":{"footnotes":""},"categories":[2],"tags":[],"class_list":["post-960","post","type-post","status-publish","format-standard","has-post-thumbnail","hentry","category-noticias"],"_links":{"self":[{"href":"https:\/\/jornaloalvorada.com.br\/site\/wp-json\/wp\/v2\/posts\/960","targetHints":{"allow":["GET"]}}],"collection":[{"href":"https:\/\/jornaloalvorada.com.br\/site\/wp-json\/wp\/v2\/posts"}],"about":[{"href":"https:\/\/jornaloalvorada.com.br\/site\/wp-json\/wp\/v2\/types\/post"}],"author":[{"embeddable":true,"href":"https:\/\/jornaloalvorada.com.br\/site\/wp-json\/wp\/v2\/users\/1"}],"replies":[{"embeddable":true,"href":"https:\/\/jornaloalvorada.com.br\/site\/wp-json\/wp\/v2\/comments?post=960"}],"version-history":[{"count":1,"href":"https:\/\/jornaloalvorada.com.br\/site\/wp-json\/wp\/v2\/posts\/960\/revisions"}],"predecessor-version":[{"id":962,"href":"https:\/\/jornaloalvorada.com.br\/site\/wp-json\/wp\/v2\/posts\/960\/revisions\/962"}],"wp:featuredmedia":[{"embeddable":true,"href":"https:\/\/jornaloalvorada.com.br\/site\/wp-json\/wp\/v2\/media\/961"}],"wp:attachment":[{"href":"https:\/\/jornaloalvorada.com.br\/site\/wp-json\/wp\/v2\/media?parent=960"}],"wp:term":[{"taxonomy":"category","embeddable":true,"href":"https:\/\/jornaloalvorada.com.br\/site\/wp-json\/wp\/v2\/categories?post=960"},{"taxonomy":"post_tag","embeddable":true,"href":"https:\/\/jornaloalvorada.com.br\/site\/wp-json\/wp\/v2\/tags?post=960"}],"curies":[{"name":"wp","href":"https:\/\/api.w.org\/{rel}","templated":true}]}}