{"id":9597,"date":"2025-02-14T15:26:00","date_gmt":"2025-02-14T19:26:00","guid":{"rendered":"https:\/\/jornaloalvorada.com.br\/site\/?p=9597"},"modified":"2025-02-14T16:28:44","modified_gmt":"2025-02-14T20:28:44","slug":"fim-de-semana-escaldante-veja-a-previsao-em-meio-a-onda-de-calor","status":"publish","type":"post","link":"https:\/\/jornaloalvorada.com.br\/site\/2025\/02\/14\/fim-de-semana-escaldante-veja-a-previsao-em-meio-a-onda-de-calor\/","title":{"rendered":"Fim de semana escaldante? Veja a previs\u00e3o em meio \u00e0 onda de calor"},"content":{"rendered":"\n<p>O <a href=\"https:\/\/terrabrasilnoticias.com\/2025\/02\/vendas-de-veiculos-eletrificados-no-brasil-crescem-de-maneira-chocante\/\" target=\"_blank\" rel=\"noreferrer noopener\">Brasil <\/a>est\u00e1 enfrentando uma intensa onda de calor, com temperaturas atingindo valores significativamente altos em diversas regi\u00f5es. Especialmente no <strong>Rio de Janeiro<\/strong>, os term\u00f4metros podem registrar picos de <strong>39\u00b0C<\/strong>, enquanto <strong>S\u00e3o Paulo deve alcan\u00e7ar at\u00e9 32\u00b0C nos pr\u00f3ximos dias<\/strong>. Normalmente, o clima j\u00e1 \u00e9 quente nesta \u00e9poca do ano, mas esta onda de calor eleva as temperaturas ainda mais acima da m\u00e9dia esperada.<\/p>\n\n\n\n<p>Apesar de uma frente fria mar\u00edtima no litoral sul do estado de S\u00e3o Paulo, a expectativa \u00e9 que a onda de calor continue, mantendo as temperaturas elevadas at\u00e9 24 de fevereiro. Especialistas indicam que esta condi\u00e7\u00e3o clim\u00e1tica \u00e9 causada por um bloqueio atmosf\u00e9rico sobre a regi\u00e3o central do pa\u00eds, impedindo que sistemas de baixa press\u00e3o avancem.<\/p>\n\n\n\n<h2 class=\"wp-block-heading\">Quais regi\u00f5es ser\u00e3o mais afetadas pela onda de calor?<\/h2>\n\n\n\n<p>Esta situa\u00e7\u00e3o clim\u00e1tica impacta extensas \u00e1reas do pa\u00eds. Ao todo, nove estados, al\u00e9m do Distrito Federal, devem sofrer com temperaturas anormalmente altas. Entre as \u00e1reas mais afetadas est\u00e3o:<\/p>\n\n\n\n<ul class=\"wp-block-list\">\n<li>Norte do Paran\u00e1<\/li>\n\n\n\n<li>S\u00e3o Paulo<\/li>\n\n\n\n<li>Rio de Janeiro<\/li>\n\n\n\n<li>Minas Gerais<\/li>\n\n\n\n<li>Mato Grosso do Sul<\/li>\n\n\n\n<li>Distrito Federal<\/li>\n\n\n\n<li>Goi\u00e1s<\/li>\n\n\n\n<li>Bahia<\/li>\n\n\n\n<li>Extremo sul do Piau\u00ed<\/li>\n<\/ul>\n\n\n\n<p>Estas localidades devem enfrentar temperaturas at\u00e9 7\u00b0C acima do normal para fevereiro, situa\u00e7\u00e3o que caracteriza uma onda de calor. Este fen\u00f4meno se define quando os valores est\u00e3o 5\u00b0C acima da m\u00e9dia por pelo menos cinco dias consecutivos.<\/p>\n\n\n\n<h2 class=\"wp-block-heading\">Como o bloqueio atmosf\u00e9rico influencia o clima?<\/h2>\n\n\n\n<figure class=\"wp-block-image\"><img decoding=\"async\" src=\"https:\/\/terrabrasilnoticias.com\/wp-content\/uploads\/2025\/02\/image-141.png\" alt=\"\"\/><figcaption class=\"wp-element-caption\">Alerta para todo o pa\u00eds \u2013 Fonte: <a href=\"https:\/\/portal.inmet.gov.br\/\" target=\"_blank\" rel=\"noreferrer noopener\">Inmet<\/a><\/figcaption><\/figure>\n\n\n\n<p>O bloqueio atmosf\u00e9rico \u00e9 um sistema de alta press\u00e3o que persiste em n\u00edveis m\u00e9dios da atmosfera, provocando um aumento significativo da temperatura e evitando a forma\u00e7\u00e3o de nuvens de chuva extensiva. Esta condi\u00e7\u00e3o intensifica a circula\u00e7\u00e3o de ar de cima para baixo, resultando em dias mais secos e quentes.<\/p>\n\n\n\n<h2 class=\"wp-block-heading\">Consequ\u00eancias das ondas de calor<\/h2>\n\n\n\n<p>Com a continua\u00e7\u00e3o da onda de calor, v\u00e1rias capitais brasileiras podem atingir suas maiores temperaturas registradas em 2025. Estes recordes j\u00e1 est\u00e3o pr\u00f3ximos de serem quebrados em cidades como <strong>S\u00e3o Paulo<\/strong>, que j\u00e1 registrou <strong>33,9\u00b0C <\/strong>em janeiro. Outros lugares, como <strong>Rio de Janeiro<\/strong> e <strong>Belo Horizonte<\/strong>, tamb\u00e9m podem superar suas marcas anteriores.<\/p>\n\n\n\n<p>As implica\u00e7\u00f5es destas condi\u00e7\u00f5es incluem um aumento no risco de inc\u00eandios florestais, estresse t\u00e9rmico na popula\u00e7\u00e3o e press\u00e3o sobre os recursos h\u00eddricos, j\u00e1 que a demanda por \u00e1gua tende a aumentar consideravelmente durante per\u00edodos de calor excessivo.<\/p>\n\n\n\n<h2 class=\"wp-block-heading\">O que esperar para os pr\u00f3ximos dias?<\/h2>\n\n\n\n<p>Enquanto o Sudeste enfrenta continuidade das altas temperaturas, o sul do pa\u00eds pode ter um cen\u00e1rio diferente, com previs\u00e3o de fortes temporais ao longo da semana. A chegada de uma frente fria no Rio Grande do Sul pode desencadear chuvas intensas, com potencial para causar deslizamentos e inunda\u00e7\u00f5es. Ainda assim, as chuvas ser\u00e3o de car\u00e1ter pontual e n\u00e3o devem aliviar significativamente o calor nas outras regi\u00f5es do Brasil.<\/p>\n\n\n\n<p><em><strong>Fonte: Terra Brasil Not\u00edcias<\/strong><\/em><\/p>\n","protected":false},"excerpt":{"rendered":"<p>O Brasil est\u00e1 enfrentando uma intensa onda de calor, com temperaturas atingindo valores significativamente altos em diversas regi\u00f5es. Especialmente no<\/p>\n","protected":false},"author":1,"featured_media":9598,"comment_status":"open","ping_status":"open","sticky":false,"template":"","format":"standard","meta":{"footnotes":""},"categories":[2],"tags":[],"class_list":["post-9597","post","type-post","status-publish","format-standard","has-post-thumbnail","hentry","category-noticias"],"_links":{"self":[{"href":"https:\/\/jornaloalvorada.com.br\/site\/wp-json\/wp\/v2\/posts\/9597","targetHints":{"allow":["GET"]}}],"collection":[{"href":"https:\/\/jornaloalvorada.com.br\/site\/wp-json\/wp\/v2\/posts"}],"about":[{"href":"https:\/\/jornaloalvorada.com.br\/site\/wp-json\/wp\/v2\/types\/post"}],"author":[{"embeddable":true,"href":"https:\/\/jornaloalvorada.com.br\/site\/wp-json\/wp\/v2\/users\/1"}],"replies":[{"embeddable":true,"href":"https:\/\/jornaloalvorada.com.br\/site\/wp-json\/wp\/v2\/comments?post=9597"}],"version-history":[{"count":1,"href":"https:\/\/jornaloalvorada.com.br\/site\/wp-json\/wp\/v2\/posts\/9597\/revisions"}],"predecessor-version":[{"id":9599,"href":"https:\/\/jornaloalvorada.com.br\/site\/wp-json\/wp\/v2\/posts\/9597\/revisions\/9599"}],"wp:featuredmedia":[{"embeddable":true,"href":"https:\/\/jornaloalvorada.com.br\/site\/wp-json\/wp\/v2\/media\/9598"}],"wp:attachment":[{"href":"https:\/\/jornaloalvorada.com.br\/site\/wp-json\/wp\/v2\/media?parent=9597"}],"wp:term":[{"taxonomy":"category","embeddable":true,"href":"https:\/\/jornaloalvorada.com.br\/site\/wp-json\/wp\/v2\/categories?post=9597"},{"taxonomy":"post_tag","embeddable":true,"href":"https:\/\/jornaloalvorada.com.br\/site\/wp-json\/wp\/v2\/tags?post=9597"}],"curies":[{"name":"wp","href":"https:\/\/api.w.org\/{rel}","templated":true}]}}