{"id":9591,"date":"2025-02-14T16:24:41","date_gmt":"2025-02-14T20:24:41","guid":{"rendered":"https:\/\/jornaloalvorada.com.br\/site\/?p=9591"},"modified":"2025-02-14T16:30:04","modified_gmt":"2025-02-14T20:30:04","slug":"governo-de-mato-grosso-do-sul-entrega-reforma-de-escola-asfalto-e-drenagem-em-jatei","status":"publish","type":"post","link":"https:\/\/jornaloalvorada.com.br\/site\/2025\/02\/14\/governo-de-mato-grosso-do-sul-entrega-reforma-de-escola-asfalto-e-drenagem-em-jatei\/","title":{"rendered":"Governo de Mato Grosso do Sul entrega reforma de escola, asfalto e drenagem em Jate\u00ed"},"content":{"rendered":"\n<p>A comunidade escolar vai iniciar o ano letivo com a Escola Estadual Professora Bernadete Santos Leite, em Jate\u00ed, totalmente reformada. Com recursos na ordem de R$ 6,6 milh\u00f5es, o Governo do Estado entregou nesta sexta-feira (14) a reforma geral do pr\u00e9dio, constru\u00eddo em 1982. Os investimentos somam quase R$ 14 milh\u00f5es no munic\u00edpio.<\/p>\n\n\n\n<p>Os servi\u00e7os na escola envolveram a adequa\u00e7\u00e3o da edifica\u00e7\u00e3o \u00e0s normas vigentes de acessibilidade, prote\u00e7\u00e3o contra inc\u00eandio e p\u00e2nico, prote\u00e7\u00e3o contra descargas atmosf\u00e9ricas e vigil\u00e2ncia sanit\u00e1ria. Cerca de 380 estudantes ser\u00e3o beneficiados com as melhorias. A reforma tamb\u00e9m inclui a troca de revestimentos de pisos e paredes, entre outras benfeitorias.<\/p>\n\n\n\n<p>O governador Eduardo Riedel destacou a busca permanente para o bem da popula\u00e7\u00e3o sul-mato-grossense.<\/p>\n\n\n\n<p>&#8220;Vamos seguir em frente, ajudando a nossa educa\u00e7\u00e3o, reformando escolas, disponibilizando tecnologia, seguran\u00e7a p\u00fablica, saneamento b\u00e1sico e sa\u00fade. Estamos chegando a 70% de saneamento no Estado. E em mais tr\u00eas anos, vamos chegar a 90% de cobertura. Ser\u00e1 o primeiro Estado a universalizar o saneamento no Brasil. \u00c9 o resultado para as pessoas. E para isso trabalhamos&#8221;.<\/p>\n\n\n\n<figure class=\"wp-block-image\"><a href=\"https:\/\/agenciadenoticias.ms.gov.br\/wp-content\/uploads\/2025\/02\/Riedel-em-Jatei-Foto-Bruno-Rezende-13.jpeg\"><img decoding=\"async\" src=\"https:\/\/agenciadenoticias.ms.gov.br\/wp-content\/uploads\/2025\/02\/Riedel-em-Jatei-Foto-Bruno-Rezende-13-1024x682.jpeg\" alt=\"\"\/><\/a><\/figure>\n\n\n\n<figure class=\"wp-block-image\"><a href=\"https:\/\/agenciadenoticias.ms.gov.br\/wp-content\/uploads\/2025\/02\/Riedel-em-Jatei-Foto-Bruno-Rezende-18.jpeg\"><img decoding=\"async\" src=\"https:\/\/agenciadenoticias.ms.gov.br\/wp-content\/uploads\/2025\/02\/Riedel-em-Jatei-Foto-Bruno-Rezende-18-1024x682.jpeg\" alt=\"\"\/><\/a><\/figure>\n\n\n\n<p>Riedel tamb\u00e9m ressaltou o trabalho da bancada federal, presente ao evento, que garante por meio de emendas, recursos para Mato Grosso do Sul.<\/p>\n\n\n\n<p>Ainda no munic\u00edpio, o Governo de Mato Grosso do Sul entregou a pavimenta\u00e7\u00e3o asf\u00e1ltica e drenagem de \u00e1guas pluviais na rua Celino Berto Vieira e parte das vias Manoel M. de Andrade, Caetano Porf\u00edrio do Nascimento e Alagoas &#8211; eram as \u00fanicas ruas que n\u00e3o contavam com asfalto, dentro do per\u00edmetro urbano da cidade.<\/p>\n\n\n\n<p>Tamb\u00e9m durante a agenda em Jate\u00ed, Riedel ainda assinou ordens de servi\u00e7o, dentro do Programa MS Ativo, para mais duas obras de infraestrutura em estradas rurais e recupera\u00e7\u00e3o de vias urbanas. A prefeita Cileide Cabral agradeceu os investimentos que garantem a qualidade de vida dos cidad\u00e3os e cidad\u00e3s jataienses.<\/p>\n\n\n\n<p>Na \u00e1rea da sa\u00fade, o governo estadual investe R$ 1,9 milh\u00e3o para a constru\u00e7\u00e3o de uma Unidade B\u00e1sica de Sa\u00fade, em conv\u00eanio com a prefeitura. A unidade, com 403 metros quadrados, contar\u00e1 sala de imuniza\u00e7\u00e3o, inala\u00e7\u00e3o, curativos, observa\u00e7\u00e3o\/coleta, esteriliza\u00e7\u00e3o, atividades coletivas, cinco consult\u00f3rios m\u00e9dicos, dois consult\u00f3rios odontol\u00f3gicos, copa, e salas de almoxarifado, expurgo e farm\u00e1cia.<\/p>\n\n\n\n<p>Presente ao evento, a ministra Simone Tebet, do Planejamento, garantiu que n\u00e3o faltar\u00e3o recursos para Mato Grosso do Sul. A solenidade com os atos em Jate\u00ed contou com a presen\u00e7a de autoridades locais, parlamentares estaduais e federais.<\/p>\n\n\n\n<p><em>Alexandre Gonzaga, Comunica\u00e7\u00e3o do Governo de MS<\/em><\/p>\n\n\n\n<p><em>Fotos: Bruno Rezende<\/em><\/p>\n\n\n\n<p><strong>Alexandre Gonzaga, Comunica\u00e7\u00e3o do Governo de MS<\/strong><\/p>\n","protected":false},"excerpt":{"rendered":"<p>A comunidade escolar vai iniciar o ano letivo com a Escola Estadual Professora Bernadete Santos Leite, em Jate\u00ed, totalmente reformada.<\/p>\n","protected":false},"author":1,"featured_media":9600,"comment_status":"open","ping_status":"open","sticky":false,"template":"","format":"standard","meta":{"footnotes":""},"categories":[2],"tags":[],"class_list":["post-9591","post","type-post","status-publish","format-standard","has-post-thumbnail","hentry","category-noticias"],"_links":{"self":[{"href":"https:\/\/jornaloalvorada.com.br\/site\/wp-json\/wp\/v2\/posts\/9591","targetHints":{"allow":["GET"]}}],"collection":[{"href":"https:\/\/jornaloalvorada.com.br\/site\/wp-json\/wp\/v2\/posts"}],"about":[{"href":"https:\/\/jornaloalvorada.com.br\/site\/wp-json\/wp\/v2\/types\/post"}],"author":[{"embeddable":true,"href":"https:\/\/jornaloalvorada.com.br\/site\/wp-json\/wp\/v2\/users\/1"}],"replies":[{"embeddable":true,"href":"https:\/\/jornaloalvorada.com.br\/site\/wp-json\/wp\/v2\/comments?post=9591"}],"version-history":[{"count":1,"href":"https:\/\/jornaloalvorada.com.br\/site\/wp-json\/wp\/v2\/posts\/9591\/revisions"}],"predecessor-version":[{"id":9593,"href":"https:\/\/jornaloalvorada.com.br\/site\/wp-json\/wp\/v2\/posts\/9591\/revisions\/9593"}],"wp:featuredmedia":[{"embeddable":true,"href":"https:\/\/jornaloalvorada.com.br\/site\/wp-json\/wp\/v2\/media\/9600"}],"wp:attachment":[{"href":"https:\/\/jornaloalvorada.com.br\/site\/wp-json\/wp\/v2\/media?parent=9591"}],"wp:term":[{"taxonomy":"category","embeddable":true,"href":"https:\/\/jornaloalvorada.com.br\/site\/wp-json\/wp\/v2\/categories?post=9591"},{"taxonomy":"post_tag","embeddable":true,"href":"https:\/\/jornaloalvorada.com.br\/site\/wp-json\/wp\/v2\/tags?post=9591"}],"curies":[{"name":"wp","href":"https:\/\/api.w.org\/{rel}","templated":true}]}}