{"id":9581,"date":"2025-02-13T15:04:48","date_gmt":"2025-02-13T19:04:48","guid":{"rendered":"https:\/\/jornaloalvorada.com.br\/site\/?p=9581"},"modified":"2025-02-13T15:04:51","modified_gmt":"2025-02-13T19:04:51","slug":"principais-interessados-deputados-reclamam-de-falta-de-acao-e-querem-decisao-rapida","status":"publish","type":"post","link":"https:\/\/jornaloalvorada.com.br\/site\/2025\/02\/13\/principais-interessados-deputados-reclamam-de-falta-de-acao-e-querem-decisao-rapida\/","title":{"rendered":"Principais interessados, deputados reclamam de falta de a\u00e7\u00e3o e querem decis\u00e3o r\u00e1pida"},"content":{"rendered":"\n<p>Deputados federais do PSDB em Mato Grosso do Sul defendem que o partido tome uma decis\u00e3o r\u00e1pida sobre o futuro, j\u00e1 pensando na elei\u00e7\u00e3o do pr\u00f3ximo ano.<\/p>\n\n\n\n<p>Na chegada para reuni\u00e3o com o presidente nacional do partido em Campo Grande, Beto Pereira e Dagoberto Nogueira falaram da expectativa.<\/p>\n\n\n\n<p>Dagoberto Nogueira pontuou que h\u00e1 uma reclama\u00e7\u00e3o geral entre os deputados federais da falta de a\u00e7\u00e3o do partido, mas ponderou que seguir\u00e3o o que for definido por Eduardo Riedel e Reinaldo Azambuja.<\/p>\n\n\n\n<p>\u201cA maioria dos deputados federais querem incorpora\u00e7\u00e3o ou fus\u00e3o, n\u00e3o importa, mas uma decis\u00e3o. Ou qualquer um vai come\u00e7ar a cuidar da sua pr\u00f3pria vida\u201d, explicou.<\/p>\n\n\n\n<p>O deputado lembrou do caso do Rio Grande do Sul, que caiu de 23 para apenas dois deputados eleitos e casos da Bahia e Paran\u00e1, com apenas um deputado. Ele recorda que foi essa luta por tempo e recurso que fez ele deixar o PDT e se filiar ao PSDB antes da elei\u00e7\u00e3o passada.<\/p>\n\n\n\n<p>O deputado federal Beto Pereira n\u00e3o acredita em incorpora\u00e7\u00e3o e afirma que a sa\u00edda ser\u00e1 mesmo a fus\u00e3o. Ele citou o Republicanos como uma possibilidade real de alian\u00e7a com o PSDB.<\/p>\n\n\n\n<p>\u201cH\u00e1 uma vertente do partido que defende fus\u00e3o com Republicamos. O partido tem bons quadros nacionais e j\u00e1 \u00e9 aliado do PSDB no Mato Grosso do Sul.<\/p>\n\n\n\n<p>A reuni\u00e3o contou com a presen\u00e7a de Eduardo Riedel e Reinaldo Azambuja, mas eles n\u00e3o falaram com a imprensa.<\/p>\n\n\n\n<p><strong><em>Fonte: Investiga MS<\/em><\/strong><\/p>\n","protected":false},"excerpt":{"rendered":"<p>Deputados federais do PSDB em Mato Grosso do Sul defendem que o partido tome uma decis\u00e3o r\u00e1pida sobre o futuro,<\/p>\n","protected":false},"author":1,"featured_media":9582,"comment_status":"open","ping_status":"open","sticky":false,"template":"","format":"standard","meta":{"footnotes":""},"categories":[2],"tags":[],"class_list":["post-9581","post","type-post","status-publish","format-standard","has-post-thumbnail","hentry","category-noticias"],"_links":{"self":[{"href":"https:\/\/jornaloalvorada.com.br\/site\/wp-json\/wp\/v2\/posts\/9581","targetHints":{"allow":["GET"]}}],"collection":[{"href":"https:\/\/jornaloalvorada.com.br\/site\/wp-json\/wp\/v2\/posts"}],"about":[{"href":"https:\/\/jornaloalvorada.com.br\/site\/wp-json\/wp\/v2\/types\/post"}],"author":[{"embeddable":true,"href":"https:\/\/jornaloalvorada.com.br\/site\/wp-json\/wp\/v2\/users\/1"}],"replies":[{"embeddable":true,"href":"https:\/\/jornaloalvorada.com.br\/site\/wp-json\/wp\/v2\/comments?post=9581"}],"version-history":[{"count":1,"href":"https:\/\/jornaloalvorada.com.br\/site\/wp-json\/wp\/v2\/posts\/9581\/revisions"}],"predecessor-version":[{"id":9583,"href":"https:\/\/jornaloalvorada.com.br\/site\/wp-json\/wp\/v2\/posts\/9581\/revisions\/9583"}],"wp:featuredmedia":[{"embeddable":true,"href":"https:\/\/jornaloalvorada.com.br\/site\/wp-json\/wp\/v2\/media\/9582"}],"wp:attachment":[{"href":"https:\/\/jornaloalvorada.com.br\/site\/wp-json\/wp\/v2\/media?parent=9581"}],"wp:term":[{"taxonomy":"category","embeddable":true,"href":"https:\/\/jornaloalvorada.com.br\/site\/wp-json\/wp\/v2\/categories?post=9581"},{"taxonomy":"post_tag","embeddable":true,"href":"https:\/\/jornaloalvorada.com.br\/site\/wp-json\/wp\/v2\/tags?post=9581"}],"curies":[{"name":"wp","href":"https:\/\/api.w.org\/{rel}","templated":true}]}}