{"id":9578,"date":"2025-02-13T15:02:59","date_gmt":"2025-02-13T19:02:59","guid":{"rendered":"https:\/\/jornaloalvorada.com.br\/site\/?p=9578"},"modified":"2025-02-13T15:03:01","modified_gmt":"2025-02-13T19:03:01","slug":"vereador-roberto-duarte-reforca-apoio-a-apae-de-nova-alvorada-do-sul-em-visita-institucional","status":"publish","type":"post","link":"https:\/\/jornaloalvorada.com.br\/site\/2025\/02\/13\/vereador-roberto-duarte-reforca-apoio-a-apae-de-nova-alvorada-do-sul-em-visita-institucional\/","title":{"rendered":"Vereador Roberto Duarte refor\u00e7a apoio \u00e0 APAE de Nova Alvorada do Sul em visita institucional"},"content":{"rendered":"\n<p>Na manh\u00e3 desta ter\u00e7a-feira (13), o vereador Pr. Roberto Duarte realizou uma visita \u00e0 Associa\u00e7\u00e3o de Pais e Amigos dos Excepcionais (APAE) de Nova Alvorada do Sul. Na institui\u00e7\u00e3o, o parlamentar foi recebido por Rosineide Lichewiski de Aguiar, presidente do PREVNAS e diretora pedag\u00f3gica da APAE. O encontro teve como objetivo fortalecer o di\u00e1logo com a entidade, conhecer de perto suas demandas e reafirmar o compromisso do poder p\u00fablico com a inclus\u00e3o e o desenvolvimento de pessoas com mobilidade reduzidas.<\/p>\n\n\n\n<p>Durante a visita, Roberto Duarte conheceu as instala\u00e7\u00f5es e os servi\u00e7os oferecidos pela APAE. Ele tamb\u00e9m conversou com pais, alunos e profissionais, obtendo uma vis\u00e3o detalhada do trabalho realizado e dos desafios enfrentados pela entidade.<\/p>\n\n\n\n<p>O vereador destacou a import\u00e2ncia da APAE para a comunidade de Nova Alvorada do Sul, afirmando que a institui\u00e7\u00e3o <em><strong>&#8220;desempenha um papel essencial na promo\u00e7\u00e3o da inclus\u00e3o e no suporte a in\u00fameras fam\u00edlias&#8221;.<\/strong><\/em> Al\u00e9m disso, refor\u00e7ou o compromisso do poder p\u00fablico em <strong>&#8220;garantir os recursos necess\u00e1rios para que a APAE continue desempenhando sua miss\u00e3o com excel\u00eancia&#8221;.<\/strong><\/p>\n\n\n\n<p>Na ocasi\u00e3o, a equipe da APAE apresentou suas principais necessidades, que agora ser\u00e3o cuidadosamente avaliadas pelo vereador, que se comprometeu a buscar solu\u00e7\u00f5es vi\u00e1veis para atend\u00ea-las.<\/p>\n\n\n\n<p>A visita refor\u00e7a a import\u00e2ncia do di\u00e1logo entre o poder p\u00fablico e a sociedade civil na constru\u00e7\u00e3o de um futuro mais inclusivo e igualit\u00e1rio. O compromisso demonstrado pelo vereador evidencia sua dedica\u00e7\u00e3o \u00e0 defesa dos direitos das pessoas com mobilidade reduzidas&nbsp;e ao fortalecimento das institui\u00e7\u00f5es que atuam nessa causa.<\/p>\n\n\n\n<figure class=\"wp-block-image\"><img decoding=\"async\" src=\"https:\/\/midianas.com.br\/hf-conteudo\/uploads\/posts\/2025\/02\/90469_479476465-18074529535679426-4603816258193508877-n.jpg\" alt=\"\"\/><\/figure>\n\n\n\n<p><strong>M\u00eddia NAS<\/strong><\/p>\n","protected":false},"excerpt":{"rendered":"<p>Na manh\u00e3 desta ter\u00e7a-feira (13), o vereador Pr. Roberto Duarte realizou uma visita \u00e0 Associa\u00e7\u00e3o de Pais e Amigos dos<\/p>\n","protected":false},"author":1,"featured_media":9579,"comment_status":"open","ping_status":"open","sticky":false,"template":"","format":"standard","meta":{"footnotes":""},"categories":[2],"tags":[],"class_list":["post-9578","post","type-post","status-publish","format-standard","has-post-thumbnail","hentry","category-noticias"],"_links":{"self":[{"href":"https:\/\/jornaloalvorada.com.br\/site\/wp-json\/wp\/v2\/posts\/9578","targetHints":{"allow":["GET"]}}],"collection":[{"href":"https:\/\/jornaloalvorada.com.br\/site\/wp-json\/wp\/v2\/posts"}],"about":[{"href":"https:\/\/jornaloalvorada.com.br\/site\/wp-json\/wp\/v2\/types\/post"}],"author":[{"embeddable":true,"href":"https:\/\/jornaloalvorada.com.br\/site\/wp-json\/wp\/v2\/users\/1"}],"replies":[{"embeddable":true,"href":"https:\/\/jornaloalvorada.com.br\/site\/wp-json\/wp\/v2\/comments?post=9578"}],"version-history":[{"count":1,"href":"https:\/\/jornaloalvorada.com.br\/site\/wp-json\/wp\/v2\/posts\/9578\/revisions"}],"predecessor-version":[{"id":9580,"href":"https:\/\/jornaloalvorada.com.br\/site\/wp-json\/wp\/v2\/posts\/9578\/revisions\/9580"}],"wp:featuredmedia":[{"embeddable":true,"href":"https:\/\/jornaloalvorada.com.br\/site\/wp-json\/wp\/v2\/media\/9579"}],"wp:attachment":[{"href":"https:\/\/jornaloalvorada.com.br\/site\/wp-json\/wp\/v2\/media?parent=9578"}],"wp:term":[{"taxonomy":"category","embeddable":true,"href":"https:\/\/jornaloalvorada.com.br\/site\/wp-json\/wp\/v2\/categories?post=9578"},{"taxonomy":"post_tag","embeddable":true,"href":"https:\/\/jornaloalvorada.com.br\/site\/wp-json\/wp\/v2\/tags?post=9578"}],"curies":[{"name":"wp","href":"https:\/\/api.w.org\/{rel}","templated":true}]}}