{"id":9537,"date":"2025-02-12T12:10:58","date_gmt":"2025-02-12T16:10:58","guid":{"rendered":"https:\/\/jornaloalvorada.com.br\/site\/?p=9537"},"modified":"2025-02-12T12:11:33","modified_gmt":"2025-02-12T16:11:33","slug":"prefeitura-de-nova-alvorada-do-sul-promove-a-3a-edicao-da-expocanas-maior-evento-de-bioenergia-do-estado","status":"publish","type":"post","link":"https:\/\/jornaloalvorada.com.br\/site\/2025\/02\/12\/prefeitura-de-nova-alvorada-do-sul-promove-a-3a-edicao-da-expocanas-maior-evento-de-bioenergia-do-estado\/","title":{"rendered":"Prefeitura de Nova Alvorada do Sul promove a 3\u00aa edi\u00e7\u00e3o da Expocanas, maior evento de bioenergia do estado"},"content":{"rendered":"\n<p>A Prefeitura de Nova Alvorada do Sul realiza, entre os dias 25 e 27 de mar\u00e7o, a 3\u00aa edi\u00e7\u00e3o da Expocana, o maior evento de bioenergia de Mato Grosso do Sul. A feira, que se tornou refer\u00eancia no setor, nasceu por iniciativa do munic\u00edpio e se consolidou como um dos mais importantes encontros voltados \u00e0 inova\u00e7\u00e3o e ao desenvolvimento sustent\u00e1vel da cadeia produtiva da cana e do milho.<\/p>\n\n\n\n<figure class=\"wp-block-image size-large\"><img loading=\"lazy\" decoding=\"async\" width=\"1024\" height=\"682\" src=\"https:\/\/jornaloalvorada.com.br\/site\/wp-content\/uploads\/2025\/02\/476361022_1177298454403140_1138524630459195035_n-1024x682.jpg\" alt=\"\" class=\"wp-image-9540\" srcset=\"https:\/\/jornaloalvorada.com.br\/site\/wp-content\/uploads\/2025\/02\/476361022_1177298454403140_1138524630459195035_n-1024x682.jpg 1024w, https:\/\/jornaloalvorada.com.br\/site\/wp-content\/uploads\/2025\/02\/476361022_1177298454403140_1138524630459195035_n-300x200.jpg 300w, https:\/\/jornaloalvorada.com.br\/site\/wp-content\/uploads\/2025\/02\/476361022_1177298454403140_1138524630459195035_n-768x512.jpg 768w, https:\/\/jornaloalvorada.com.br\/site\/wp-content\/uploads\/2025\/02\/476361022_1177298454403140_1138524630459195035_n.jpg 1397w\" sizes=\"auto, (max-width: 1024px) 100vw, 1024px\" \/><\/figure>\n\n\n\n<p>Com 180 mil metros quadrados, a Expocana contar\u00e1 com campos tecnol\u00f3gicos para apresenta\u00e7\u00e3o de variedades de cana-de-a\u00e7\u00facar, milho, soja e sorgo, al\u00e9m de uma extensa programa\u00e7\u00e3o com palestras, exposi\u00e7\u00e3o de m\u00e1quinas e apresenta\u00e7\u00e3o de novas tecnologias para o setor bioenerg\u00e9tico.<\/p>\n\n\n\n<p>O evento reunir\u00e1 fornecedores de cana, usinas, empresas de insumos e m\u00e1quinas agr\u00edcolas, laborat\u00f3rios, consultorias ambientais e entidades do setor produtivo, consolidando-se como uma das principais vitrines do setor. At\u00e9 o momento, 120 expositores j\u00e1 confirmaram presen\u00e7a.<\/p>\n\n\n\n<p>O prefeito Jos\u00e9 Paulo Paleari destacou que a Prefeitura foi a propulsora da cria\u00e7\u00e3o da Expocana, e que a gest\u00e3o tem trabalhado para fortalecer cada vez mais o evento e o setor produtivo local. \u201cA Expocana nasceu do compromisso da Prefeitura em fomentar o desenvolvimento do setor bioenerg\u00e9tico e valorizar os produtores, empres\u00e1rios e trabalhadores dessa cadeia produtiva. Hoje, a feira se tornou um evento de refer\u00eancia, trazendo inova\u00e7\u00e3o, oportunidades e crescimento para Nova Alvorada do Sul e todo o estado. Nossa gest\u00e3o tem investido fortemente na valoriza\u00e7\u00e3o do setor, criando pol\u00edticas p\u00fablicas que impulsionam essa \u00e1rea estrat\u00e9gica da nossa economia\u201d, afirmou Paleari.<\/p>\n\n\n\n<figure class=\"wp-block-image size-large\"><img loading=\"lazy\" decoding=\"async\" width=\"1024\" height=\"682\" src=\"https:\/\/jornaloalvorada.com.br\/site\/wp-content\/uploads\/2025\/02\/476347748_1177298444403141_5189877087419422559_n-1024x682.jpg\" alt=\"\" class=\"wp-image-9541\" srcset=\"https:\/\/jornaloalvorada.com.br\/site\/wp-content\/uploads\/2025\/02\/476347748_1177298444403141_5189877087419422559_n-1024x682.jpg 1024w, https:\/\/jornaloalvorada.com.br\/site\/wp-content\/uploads\/2025\/02\/476347748_1177298444403141_5189877087419422559_n-300x200.jpg 300w, https:\/\/jornaloalvorada.com.br\/site\/wp-content\/uploads\/2025\/02\/476347748_1177298444403141_5189877087419422559_n-768x512.jpg 768w, https:\/\/jornaloalvorada.com.br\/site\/wp-content\/uploads\/2025\/02\/476347748_1177298444403141_5189877087419422559_n.jpg 1397w\" sizes=\"auto, (max-width: 1024px) 100vw, 1024px\" \/><\/figure>\n\n\n\n<p>Al\u00e9m de promover a troca de experi\u00eancias e parcerias estrat\u00e9gicas, a Expocana apresenta avan\u00e7os tecnol\u00f3gicos que impulsionam o setor bioenerg\u00e9tico, com destaque para inova\u00e7\u00f5es em mecaniza\u00e7\u00e3o, biotecnologia, sustentabilidade e efici\u00eancia produtiva. A programa\u00e7\u00e3o inclui palestras e pain\u00e9is com especialistas renomados.<\/p>\n\n\n\n<figure class=\"wp-block-image size-large\"><img loading=\"lazy\" decoding=\"async\" width=\"1024\" height=\"663\" src=\"https:\/\/jornaloalvorada.com.br\/site\/wp-content\/uploads\/2025\/02\/476674532_1177298447736474_4611564741763799226_n-1024x663.jpg\" alt=\"\" class=\"wp-image-9542\" srcset=\"https:\/\/jornaloalvorada.com.br\/site\/wp-content\/uploads\/2025\/02\/476674532_1177298447736474_4611564741763799226_n-1024x663.jpg 1024w, https:\/\/jornaloalvorada.com.br\/site\/wp-content\/uploads\/2025\/02\/476674532_1177298447736474_4611564741763799226_n-300x194.jpg 300w, https:\/\/jornaloalvorada.com.br\/site\/wp-content\/uploads\/2025\/02\/476674532_1177298447736474_4611564741763799226_n-768x497.jpg 768w, https:\/\/jornaloalvorada.com.br\/site\/wp-content\/uploads\/2025\/02\/476674532_1177298447736474_4611564741763799226_n.jpg 1438w\" sizes=\"auto, (max-width: 1024px) 100vw, 1024px\" \/><\/figure>\n","protected":false},"excerpt":{"rendered":"<p>A Prefeitura de Nova Alvorada do Sul realiza, entre os dias 25 e 27 de mar\u00e7o, a 3\u00aa edi\u00e7\u00e3o da<\/p>\n","protected":false},"author":1,"featured_media":9538,"comment_status":"open","ping_status":"open","sticky":false,"template":"","format":"standard","meta":{"footnotes":""},"categories":[2],"tags":[],"class_list":["post-9537","post","type-post","status-publish","format-standard","has-post-thumbnail","hentry","category-noticias"],"_links":{"self":[{"href":"https:\/\/jornaloalvorada.com.br\/site\/wp-json\/wp\/v2\/posts\/9537","targetHints":{"allow":["GET"]}}],"collection":[{"href":"https:\/\/jornaloalvorada.com.br\/site\/wp-json\/wp\/v2\/posts"}],"about":[{"href":"https:\/\/jornaloalvorada.com.br\/site\/wp-json\/wp\/v2\/types\/post"}],"author":[{"embeddable":true,"href":"https:\/\/jornaloalvorada.com.br\/site\/wp-json\/wp\/v2\/users\/1"}],"replies":[{"embeddable":true,"href":"https:\/\/jornaloalvorada.com.br\/site\/wp-json\/wp\/v2\/comments?post=9537"}],"version-history":[{"count":2,"href":"https:\/\/jornaloalvorada.com.br\/site\/wp-json\/wp\/v2\/posts\/9537\/revisions"}],"predecessor-version":[{"id":9543,"href":"https:\/\/jornaloalvorada.com.br\/site\/wp-json\/wp\/v2\/posts\/9537\/revisions\/9543"}],"wp:featuredmedia":[{"embeddable":true,"href":"https:\/\/jornaloalvorada.com.br\/site\/wp-json\/wp\/v2\/media\/9538"}],"wp:attachment":[{"href":"https:\/\/jornaloalvorada.com.br\/site\/wp-json\/wp\/v2\/media?parent=9537"}],"wp:term":[{"taxonomy":"category","embeddable":true,"href":"https:\/\/jornaloalvorada.com.br\/site\/wp-json\/wp\/v2\/categories?post=9537"},{"taxonomy":"post_tag","embeddable":true,"href":"https:\/\/jornaloalvorada.com.br\/site\/wp-json\/wp\/v2\/tags?post=9537"}],"curies":[{"name":"wp","href":"https:\/\/api.w.org\/{rel}","templated":true}]}}