{"id":9532,"date":"2025-02-12T12:09:08","date_gmt":"2025-02-12T16:09:08","guid":{"rendered":"https:\/\/jornaloalvorada.com.br\/site\/?p=9532"},"modified":"2025-02-12T18:31:51","modified_gmt":"2025-02-12T22:31:51","slug":"dourados-pode-sediar-etapa-do-campeonato-brasileiro-de-velocidade-na-terra","status":"publish","type":"post","link":"https:\/\/jornaloalvorada.com.br\/site\/2025\/02\/12\/dourados-pode-sediar-etapa-do-campeonato-brasileiro-de-velocidade-na-terra\/","title":{"rendered":"Dourados pode sediar etapa do Campeonato Brasileiro de Velocidade Na Terra"},"content":{"rendered":"\n<p>O coordenador da Federa\u00e7\u00e3o de Automobilismo de MS, Fabio Bianchi, esteve em Dourados nesta segunda-feira, 11 de fevereiro. A vinda dele foi providenciada por Rafael Correa, com vistas a cidade receber uma das etapas do Campeonato Brasileiro de VNT-Velocidade Na Terra.<\/p>\n\n\n\n<p>Eles procuraram o diretor-presidente da Funed, Salim Raidan Neto, no sentido de abrir agenda com o prefeito Mar\u00e7al Filho (PSDB), para apresentar o projeto e pedir apoio na log\u00edstica.<\/p>\n\n\n\n<p>Salim disse que o prefeito n\u00e3o deve fazer obje\u00e7\u00f5es j\u00e1 que se trata de proposta e que se estiver dentro das possibilidades, o munic\u00edpio tem interesse. Fabio Bianchi abriu todas as possibilidades da FAMS para promover uma das etapas na cidade, que seria nos dias 14, 15, 16, e 17 de setembro. Rafel Correa, por sua vez, juntametnte com Fabio Bianchi foi \u00e0 pista de Dourados localizada na \u00e1rea cedida pela fam\u00edlia do juiz aposentado Celso Ant\u00f4nio Schuch Santos, nos altos da Avenida Guaicurus, entre o 28\u00ba Batalh\u00e3o Log\u00edstico e Aeroporto Regional Franciso Matos Pereira.<\/p>\n\n\n\n<p>Segundo eles o local \u00e9 excepcional, por\u00e9m para uma etapa nacional a estrutura n\u00e3o comporta. \u201c\u00c9 preciso amplo espa\u00e7o para pista, estacionamento para os participantes e espectadores dentre outros\u2019, apontam. A prova, por onde \u00e9 realizada, atrai centenas de pessoas, por ser segura e acima de tudo, os times geralmente s\u00e3o integrados por familiares. \u201cPor sua localiza\u00e7\u00e3o estrat\u00e9gica, Dourados apresenta todas as condi\u00e7\u00f5es para receber essa etapa nacional de VNT\u201d, aponta Correa. Ou\u00e7a a entrevista com Fabio Bianchi.<\/p>\n\n\n\n<figure class=\"wp-block-image size-full\"><img loading=\"lazy\" decoding=\"async\" width=\"800\" height=\"600\" src=\"https:\/\/jornaloalvorada.com.br\/site\/wp-content\/uploads\/2025\/02\/3769023ff46483cd2004cc3d82c9378e_1.jpg\" alt=\"\" class=\"wp-image-9533\" srcset=\"https:\/\/jornaloalvorada.com.br\/site\/wp-content\/uploads\/2025\/02\/3769023ff46483cd2004cc3d82c9378e_1.jpg 800w, https:\/\/jornaloalvorada.com.br\/site\/wp-content\/uploads\/2025\/02\/3769023ff46483cd2004cc3d82c9378e_1-300x225.jpg 300w, https:\/\/jornaloalvorada.com.br\/site\/wp-content\/uploads\/2025\/02\/3769023ff46483cd2004cc3d82c9378e_1-768x576.jpg 768w\" sizes=\"auto, (max-width: 800px) 100vw, 800px\" \/><figcaption class=\"wp-element-caption\">Foto arquivo da prova realizada na Nova Itamarati em 2024<\/figcaption><\/figure>\n\n\n\n<p><a href=\"https:\/\/www.gazetams.com.br\/userfiles\/uploads\/imagens\/materias\/2025\/02\/original\/3769023ff46483cd2004cc3d82c9378e_1.jpg\"><\/a><\/p>\n\n\n\n<figure class=\"wp-block-image size-full\"><img loading=\"lazy\" decoding=\"async\" width=\"980\" height=\"735\" src=\"https:\/\/jornaloalvorada.com.br\/site\/wp-content\/uploads\/2025\/02\/c62977a9817bb69d4d1a37b31da160a2_1.jpg\" alt=\"\" class=\"wp-image-9534\" srcset=\"https:\/\/jornaloalvorada.com.br\/site\/wp-content\/uploads\/2025\/02\/c62977a9817bb69d4d1a37b31da160a2_1.jpg 980w, https:\/\/jornaloalvorada.com.br\/site\/wp-content\/uploads\/2025\/02\/c62977a9817bb69d4d1a37b31da160a2_1-300x225.jpg 300w, https:\/\/jornaloalvorada.com.br\/site\/wp-content\/uploads\/2025\/02\/c62977a9817bb69d4d1a37b31da160a2_1-768x576.jpg 768w\" sizes=\"auto, (max-width: 980px) 100vw, 980px\" \/><figcaption class=\"wp-element-caption\">Salim, Fabio e Rafael<\/figcaption><\/figure>\n\n\n\n<p><a href=\"https:\/\/www.gazetams.com.br\/userfiles\/uploads\/imagens\/materias\/2025\/02\/original\/c62977a9817bb69d4d1a37b31da160a2_1.jpg\"><\/a><\/p>\n","protected":false},"excerpt":{"rendered":"<p>O coordenador da Federa\u00e7\u00e3o de Automobilismo de MS, Fabio Bianchi, esteve em Dourados nesta segunda-feira, 11 de fevereiro. A vinda<\/p>\n","protected":false},"author":1,"featured_media":9535,"comment_status":"open","ping_status":"open","sticky":false,"template":"","format":"standard","meta":{"footnotes":""},"categories":[2],"tags":[],"class_list":["post-9532","post","type-post","status-publish","format-standard","has-post-thumbnail","hentry","category-noticias"],"_links":{"self":[{"href":"https:\/\/jornaloalvorada.com.br\/site\/wp-json\/wp\/v2\/posts\/9532","targetHints":{"allow":["GET"]}}],"collection":[{"href":"https:\/\/jornaloalvorada.com.br\/site\/wp-json\/wp\/v2\/posts"}],"about":[{"href":"https:\/\/jornaloalvorada.com.br\/site\/wp-json\/wp\/v2\/types\/post"}],"author":[{"embeddable":true,"href":"https:\/\/jornaloalvorada.com.br\/site\/wp-json\/wp\/v2\/users\/1"}],"replies":[{"embeddable":true,"href":"https:\/\/jornaloalvorada.com.br\/site\/wp-json\/wp\/v2\/comments?post=9532"}],"version-history":[{"count":1,"href":"https:\/\/jornaloalvorada.com.br\/site\/wp-json\/wp\/v2\/posts\/9532\/revisions"}],"predecessor-version":[{"id":9536,"href":"https:\/\/jornaloalvorada.com.br\/site\/wp-json\/wp\/v2\/posts\/9532\/revisions\/9536"}],"wp:featuredmedia":[{"embeddable":true,"href":"https:\/\/jornaloalvorada.com.br\/site\/wp-json\/wp\/v2\/media\/9535"}],"wp:attachment":[{"href":"https:\/\/jornaloalvorada.com.br\/site\/wp-json\/wp\/v2\/media?parent=9532"}],"wp:term":[{"taxonomy":"category","embeddable":true,"href":"https:\/\/jornaloalvorada.com.br\/site\/wp-json\/wp\/v2\/categories?post=9532"},{"taxonomy":"post_tag","embeddable":true,"href":"https:\/\/jornaloalvorada.com.br\/site\/wp-json\/wp\/v2\/tags?post=9532"}],"curies":[{"name":"wp","href":"https:\/\/api.w.org\/{rel}","templated":true}]}}