{"id":9471,"date":"2025-02-08T12:03:15","date_gmt":"2025-02-08T16:03:15","guid":{"rendered":"https:\/\/jornaloalvorada.com.br\/site\/?p=9471"},"modified":"2025-02-08T12:03:18","modified_gmt":"2025-02-08T16:03:18","slug":"credito-consignado-com-juro-menor-para-clts-ainda-depende-de-regras-e-plataforma-entenda","status":"publish","type":"post","link":"https:\/\/jornaloalvorada.com.br\/site\/2025\/02\/08\/credito-consignado-com-juro-menor-para-clts-ainda-depende-de-regras-e-plataforma-entenda\/","title":{"rendered":"Cr\u00e9dito consignado com juro menor para CLTs ainda depende de regras e plataforma; entenda"},"content":{"rendered":"\n<p>S\u00e3o eles: <strong>a regulamenta\u00e7\u00e3o, que pode ser feita por meio de projeto de lei ou Medida Provis\u00f3ria, e a conclus\u00e3o de uma plataforma (site) operacional, onde as op\u00e7\u00f5es de cr\u00e9dito oferecidas pelos bancos estar\u00e3o dispon\u00edveis.<\/strong><\/p>\n\n\n\n<p>Questionado pelo <a href=\"https:\/\/www.g1.com.br\/\" target=\"_blank\" rel=\"noreferrer noopener\"><strong>g1<\/strong><\/a>, o <a href=\"https:\/\/g1.globo.com\/tudo-sobre\/ministerio-da-fazenda\/\">Minist\u00e9rio da Fazenda<\/a> n\u00e3o deu mais detalhes sobre esses pontos. Informou apenas que n\u00e3o comentaria o assunto.<\/p>\n\n\n\n<p><em>\ud83d\udd0eO empr\u00e9stimo consignado \u00e9 uma modalidade de cr\u00e9dito, em que o pagamento das parcelas \u00e9 descontado diretamente na folha de pagamentos ou no benef\u00edcio previdenci\u00e1rio (se houver) do solicitante.<\/em><\/p>\n\n\n\n<p>De acordo com informa\u00e7\u00f5es do <a href=\"https:\/\/g1.globo.com\/tudo-sobre\/ministerio-do-trabalho\/\">Minist\u00e9rio do Trabalho<\/a>, divulgadas em outubro do ano passado, a expectativa era de que esse formato de empr\u00e9stimo estivesse dispon\u00edvel aos trabalhadores no primeiro semestre deste ano.<\/p>\n\n\n\n<p>\ud83d\udcb8O FGTS \u00e9 direito de toda pessoa com contrato de trabalho formal, trabalhadores dom\u00e9sticos, rurais, tempor\u00e1rios, intermitentes, avulsos, safreiros e atletas profissionais. Trata-se de um valor de 8% do sal\u00e1rio que \u00e9 depositado pelo empregador, mensalmente, em nome do funcion\u00e1rio.<\/p>\n\n\n\n<p>Governo anuncia plataforma para cr\u00e9dito consignado<\/p>\n\n\n\n<h2 class=\"wp-block-heading\">Passo a passo<\/h2>\n\n\n\n<p>Segundo o governo, assim que estiver operacional, <strong>a modalidade deve funcionar da seguinte forma:<\/strong><\/p>\n\n\n\n<ol class=\"wp-block-list\">\n<li>o trabalhador entra no <strong>eSocial<\/strong> (Sistema de Escritura\u00e7\u00e3o Digital das Obriga\u00e7\u00f5es Fiscais, Previdenci\u00e1rias e Trabalhistas);<\/li>\n\n\n\n<li>na plataforma, que ainda est\u00e1 sendo desenvolvida, v\u00e1rias institui\u00e7\u00f5es financeiras poder\u00e3o fazer ofertas de empr\u00e9stimos, informando a taxa de juros, e o trabalhador poder\u00e1 comparar as propostas e escolher a mais vantajosa;<\/li>\n\n\n\n<li>isso eliminar\u00e1 a necessidade que existe atualmente de os empregadores fecharem acordos com as institui\u00e7\u00f5es financeiras;<\/li>\n\n\n\n<li>a regulamenta\u00e7\u00e3o ainda n\u00e3o saiu, mas a ideia, segundo o governo, \u00e9 que os empregados da iniciativa privada <strong>possam comprometer at\u00e9 35% de sua remunera\u00e7\u00e3o bruta mensal<\/strong> para pagar a d\u00edvida \u2014 incluindo benef\u00edcios, abonos e comiss\u00f5es;<\/li>\n\n\n\n<li>as informa\u00e7\u00f5es iniciais s\u00e3o de que os trabalhadores poder\u00e3o dar, como garantia, a multa rescis\u00f3ria de 40% do FGTS nas demiss\u00f5es sem justa causa, e, tamb\u00e9m, uma parte dos recursos que o empregado tem no fundo (10% do valor).<\/li>\n\n\n\n<li>com isso, no caso de demiss\u00e3o, os trabalhadores deixariam de receber esses recursos para pagar os empr\u00e9stimos.<\/li>\n\n\n\n<li>caber\u00e1 ao empregador separar mensalmente o valor do empr\u00e9stimo do sal\u00e1rio dos trabalhadores e enviar os recursos para a <a href=\"https:\/\/g1.globo.com\/tudo-sobre\/caixa-economica-federal\/\">Caixa Econ\u00f4mica Federal<\/a>, respons\u00e1vel por fazer o repasse aos bancos.<\/li>\n<\/ol>\n\n\n\n<h2 class=\"wp-block-heading\">Juro menor e mais cr\u00e9dito<\/h2>\n\n\n\n<p>Em outubro do ano passado, o secret\u00e1rio-executivo do Minist\u00e9rio do Trabalho, Francisco Macena, estimou que a nova linha de cr\u00e9dito, quando come\u00e7ar a funcionar, <strong>deve reduzir a taxa de juros<\/strong> para um patamar pr\u00f3ximo ao valor cobrado dos aposentados e servidores p\u00fablicos no consignado.<\/p>\n\n\n\n<ul class=\"wp-block-list\">\n<li>Isso ser\u00e1 poss\u00edvel por conta das <strong>garantias (multa do FGTS e 10% do saldo dos trabalhadores) atreladas aos empr\u00e9stimos.<\/strong><\/li>\n\n\n\n<li><strong>Se confirmada essa proje\u00e7\u00e3o, isso possibilitar\u00e1 uma queda de cerca de 40% nos juros cobrados nestas opera\u00e7\u00f5es.<\/strong><\/li>\n<\/ul>\n\n\n\n<p>Veja a taxa m\u00e9dia de juros cobrada no cr\u00e9dito consignado em dezembro do ano passado, segundo dados do Banco Central:<\/p>\n\n\n\n<ul class=\"wp-block-list\">\n<li><strong>Servidores p\u00fablicos<\/strong>: 1,8% ao m\u00eas, ou 23,8% ao ano;<\/li>\n\n\n\n<li><strong>Aposentados do INSS<\/strong>: 1,66% ao m\u00eas, ou 21,9% ao ano;<\/li>\n\n\n\n<li><strong>Trabalhadores do setor privado<\/strong>: 2,89% ao m\u00eas, ou 40,9% ao ano.<\/li>\n<\/ul>\n\n\n\n<blockquote class=\"wp-block-quote is-layout-flow wp-block-quote-is-layout-flow\">\n<p>&#8220;Milh\u00f5es de pessoas que hoje n\u00e3o t\u00eam acesso ao cr\u00e9dito consignado passar\u00e3o a ter um mecanismo moderno, eficiente, transparente, com uma plataforma em que voc\u00ea vai poder comparar as taxas de juros praticadas pelo sistema banc\u00e1rio&#8221;, afirmou o ministro da Fazenda, <a href=\"https:\/\/g1.globo.com\/politica\/politico\/fernando-haddad\/\">Fernando Haddad<\/a>, no fim de janeiro.<\/p>\n<\/blockquote>\n\n\n\n<p>&#8220;A pessoa vai poder fazer o seu pedido para o banco que eventualmente estiver disposto a oferecer para ele o cr\u00e9dito com aquela taxa&#8221;, completou.<\/p>\n\n\n\n<p>Segundo o presidente da Federa\u00e7\u00e3o Brasileira dos Bancos (<a href=\"https:\/\/g1.globo.com\/tudo-sobre\/febraban\/\">Febraban<\/a>), Isaac Sidney, a iniciativa poder\u00e1 <strong>triplicar o volume total de empr\u00e9stimos ao setor privado<\/strong> com desconto na folha de pagamentos.<\/p>\n\n\n\n<p>Atualmente, h\u00e1 cerca de R$ 40 bilh\u00f5es (estoque em mercado) concedidos aos trabalhadores, volume que poder\u00e1 avan\u00e7ar para R$ 120 bilh\u00f5es ap\u00f3s as mudan\u00e7as.<\/p>\n\n\n\n<blockquote class=\"wp-block-quote is-layout-flow wp-block-quote-is-layout-flow\">\n<p>\u201cEstamos assumindo um compromisso com o governo de fazer com que n\u00f3s tenhamos o crescimento do cr\u00e9dito privado para o trabalhador celetista, desde que n\u00f3s consigamos enxergar os dados dos trabalhadores, das empresas, e a gente enxerga a plataforma eSocial como um ve\u00edculo importante de acesso \u00e0 informa\u00e7\u00e3o&#8221;, disse Isaac Sidney, da Febraban, durante evento no Pal\u00e1cio do Planalto.<\/p>\n<\/blockquote>\n\n\n\n<p><strong><em>Fonte: G1<\/em><\/strong><\/p>\n\n\n\n<p><\/p>\n","protected":false},"excerpt":{"rendered":"<p>S\u00e3o eles: a regulamenta\u00e7\u00e3o, que pode ser feita por meio de projeto de lei ou Medida Provis\u00f3ria, e a conclus\u00e3o<\/p>\n","protected":false},"author":1,"featured_media":9472,"comment_status":"open","ping_status":"open","sticky":false,"template":"","format":"standard","meta":{"footnotes":""},"categories":[2],"tags":[],"class_list":["post-9471","post","type-post","status-publish","format-standard","has-post-thumbnail","hentry","category-noticias"],"_links":{"self":[{"href":"https:\/\/jornaloalvorada.com.br\/site\/wp-json\/wp\/v2\/posts\/9471","targetHints":{"allow":["GET"]}}],"collection":[{"href":"https:\/\/jornaloalvorada.com.br\/site\/wp-json\/wp\/v2\/posts"}],"about":[{"href":"https:\/\/jornaloalvorada.com.br\/site\/wp-json\/wp\/v2\/types\/post"}],"author":[{"embeddable":true,"href":"https:\/\/jornaloalvorada.com.br\/site\/wp-json\/wp\/v2\/users\/1"}],"replies":[{"embeddable":true,"href":"https:\/\/jornaloalvorada.com.br\/site\/wp-json\/wp\/v2\/comments?post=9471"}],"version-history":[{"count":1,"href":"https:\/\/jornaloalvorada.com.br\/site\/wp-json\/wp\/v2\/posts\/9471\/revisions"}],"predecessor-version":[{"id":9473,"href":"https:\/\/jornaloalvorada.com.br\/site\/wp-json\/wp\/v2\/posts\/9471\/revisions\/9473"}],"wp:featuredmedia":[{"embeddable":true,"href":"https:\/\/jornaloalvorada.com.br\/site\/wp-json\/wp\/v2\/media\/9472"}],"wp:attachment":[{"href":"https:\/\/jornaloalvorada.com.br\/site\/wp-json\/wp\/v2\/media?parent=9471"}],"wp:term":[{"taxonomy":"category","embeddable":true,"href":"https:\/\/jornaloalvorada.com.br\/site\/wp-json\/wp\/v2\/categories?post=9471"},{"taxonomy":"post_tag","embeddable":true,"href":"https:\/\/jornaloalvorada.com.br\/site\/wp-json\/wp\/v2\/tags?post=9471"}],"curies":[{"name":"wp","href":"https:\/\/api.w.org\/{rel}","templated":true}]}}