{"id":947,"date":"2023-03-30T10:50:40","date_gmt":"2023-03-30T14:50:40","guid":{"rendered":"https:\/\/jornaloalvorada.com.br\/site\/?p=947"},"modified":"2023-03-30T10:50:43","modified_gmt":"2023-03-30T14:50:43","slug":"em-crescimento-continuo-ms-cria-mais-5-688-empregos-de-carteira-assinada-em-fevereiro","status":"publish","type":"post","link":"https:\/\/jornaloalvorada.com.br\/site\/2023\/03\/30\/em-crescimento-continuo-ms-cria-mais-5-688-empregos-de-carteira-assinada-em-fevereiro\/","title":{"rendered":"Em crescimento cont\u00ednuo, MS cria mais 5.688 empregos de carteira assinada em fevereiro"},"content":{"rendered":"\n<p>Mato Grosso do Sul contratou mais 5.688 trabalhadores com carteira assinada no m\u00eas de fevereiro, com destaque para os setores de Servi\u00e7os, Agropecu\u00e1ria e Constru\u00e7\u00e3o. No acumulado dos \u00faltimos 12 meses, o Estado apresentou uma cria\u00e7\u00e3o de 39.857 empregos formais. Entre os munic\u00edpios, Ribas do Rio Pardo \u00e9 quem mais se destaca.<\/p>\n\n\n\n<p>Os dados constam na&nbsp;Carta de Conjuntura do Mercado de Trabalho&nbsp;elaborada pela Coordenadoria de Estat\u00edstica e Economia da Semadesc (Secretaria de Meio Ambiente, Desenvolvimento, Ci\u00eancia, Tecnologia e Inova\u00e7\u00e3o), com base no levantamento do Caged (Cadastro Geral de Empregados e Desempregados) do Minist\u00e9rio do Trabalho e Emprego.<\/p>\n\n\n\n<p>Os l\u00edderes de gera\u00e7\u00e3o de postos s\u00e3o Servi\u00e7os (1.839 a mais), Agropecu\u00e1ria (1.653 a mais) e Constru\u00e7\u00e3o (1.567 a mais). Os setores de Com\u00e9rcio e de Servi\u00e7os v\u00eam apresentando, no acumulado dos \u00faltimos 12 meses, um saldo de 7.935 e 13.631 vagas de trabalho, respectivamente.<\/p>\n\n\n\n<p>\u201cS\u00e3o n\u00fameros que refletem todo um trabalho para atrair investimentos. Preparamos Mato Grosso do Sul para receber empreendimentos que gerem valor aos nossos produtos, que criem empregos, renda e novas oportunidades\u201d, aponta o governador Eduardo Riedel.<\/p>\n\n\n\n<p>Titular da Semadesc, Jaime Verruck tamb\u00e9m analisou os n\u00fameros e fez pondera\u00e7\u00f5es.<\/p>\n\n\n\n<p>\u201cIsso \u00e9 muito importante quando olhamos a atividade. A Constru\u00e7\u00e3o Civil vem, j\u00e1, h\u00e1 alguns meses, mostrando sua pujan\u00e7a e capacidade de resposta. Isso decorre dos investimentos que est\u00e3o ocorrendo no Estado, principalmente industriais, e tamb\u00e9m residenciais, da \u00e1rea de apartamentos\u201d.<\/p>\n\n\n\n<p>O secret\u00e1rio acredita que, a partir do segundo semestre, quando for retomado pelo Governo Federal o Programa Minha Casa, Minha Vida, o setor da Constru\u00e7\u00e3o Civil deve ter um novo impulso, principalmente nos pequenos munic\u00edpios.<\/p>\n\n\n\n<p>A Agropecu\u00e1ria tamb\u00e9m teve um aumento significativo em fevereiro devido ao in\u00edcio da colheita da soja, frisou Verruck, quando normalmente se contratam muitos trabalhadores.<\/p>\n\n\n\n<p>\u201cAgora inicia-se outras atividades do setor, como a colheita da cana. Estivemos em Nova Alvorada do Sul participando de um ato que marca a safra 2023 do setor sucroenerg\u00e9tico, que vem com uma perspectiva muito positiva de incremento da safra e, consequentemente, dos empregos\u201d, destaca, citando ainda o setor agroflorestal como importante gerador de empregos.<\/p>\n\n\n\n<p>\u201cTodas as empresas desse setor est\u00e3o investindo no plantio de eucalipto. Isso demanda muita m\u00e3o-de-obra e percebemos claramente isso nos munic\u00edpios de Inoc\u00eancia, \u00c1gua Clara, Ribas do Rio Pardo, Santa Rita do Pardo, Tr\u00eas Lagoas. Toda essa regi\u00e3o florestal tem aumentado o n\u00edvel de emprego na agropecu\u00e1ria\u201d, destaca.<\/p>\n\n\n\n<p>Com rela\u00e7\u00e3o \u00e0 Ind\u00fastria de Transforma\u00e7\u00e3o, que tem um emprego mais est\u00e1vel e ocupou 306 vagas em fevereiro, isso representa um indicador de solidez da economia, conclui Verruck.<\/p>\n\n\n\n<p>Chama a aten\u00e7\u00e3o na Carta a altera\u00e7\u00e3o na distribui\u00e7\u00e3o regional dos novos empregos, que tinha Campo Grande no topo da lista todos os meses. No acumulado dos dois primeiros meses do ano, o munic\u00edpio que mais gerou empregos formais foi Ribas do Rio Pardo, com 2.717 vagas. &nbsp;<\/p>\n\n\n\n<p>Isso decorre da ind\u00fastria de celulose da Suzano que est\u00e1 sendo constru\u00edda l\u00e1 e impulsiona todas as outras empresas que est\u00e3o operando na cidade. S\u00f3 no canteiro de obras da Suzano trabalham mais de 8 mil pessoas.<\/p>\n\n\n\n<p>Verruck falou ainda sobre a PNAD Cont\u00ednua (Pesquisa Nacional por Amostragem Domiciliar) do IBGE (Instituto Brasileiro de Geografia e Estat\u00edstica) que coloca Mato Grosso do Sul ao lado de outros dois estados brasileiros com os menores \u00edndices de desocupa\u00e7\u00e3o.<\/p>\n\n\n\n<p>\u201cApenas 3,3% da popula\u00e7\u00e3o economicamente ativa est\u00e1 desocupada. \u00c9 o que chamamos de pleno emprego em economia. Temos muitas vagas de trabalho para serem preenchidas, estimamos que pelo menos 20 mil vagas, falta a oferta da m\u00e3o-de-obra. Com isso poder\u00edamos ter gerado muito mais emprego em fevereiro. Para isso, a Semadesc est\u00e1 buscando identificar as pessoas que precisam de capacita\u00e7\u00e3o e qualifica\u00e7\u00e3o, criar programas espec\u00edficos para qualificar essas pessoas que hoje n\u00e3o conseguem acessar o mercado de trabalho\u201d.<\/p>\n\n\n\n<p>No link \u00e0 seguir, acesse na \u00edntegra a <a href=\"https:\/\/www.semadesc.ms.gov.br\/wp-content\/uploads\/2023\/03\/202302_CARTA_CONJUNTURA_TRABALHO.pdf\">Carta Conjunta do Mercado de Trabalho<\/a>, da Semadesc.<\/p>\n\n\n\n<p><strong><em>Jo\u00e3o Prestes, Comunica\u00e7\u00e3o Semadesc<br>*com Nyelder Rodrigues, Comunica\u00e7\u00e3o Governo de MS<\/em><br><em>Foto de capa: \u00c1lvaro Rezende<\/em><\/strong><\/p>\n","protected":false},"excerpt":{"rendered":"<p>Mato Grosso do Sul contratou mais 5.688 trabalhadores com carteira assinada no m\u00eas de fevereiro, com destaque para os setores<\/p>\n","protected":false},"author":1,"featured_media":948,"comment_status":"open","ping_status":"open","sticky":false,"template":"","format":"standard","meta":{"footnotes":""},"categories":[2],"tags":[],"class_list":["post-947","post","type-post","status-publish","format-standard","has-post-thumbnail","hentry","category-noticias"],"_links":{"self":[{"href":"https:\/\/jornaloalvorada.com.br\/site\/wp-json\/wp\/v2\/posts\/947","targetHints":{"allow":["GET"]}}],"collection":[{"href":"https:\/\/jornaloalvorada.com.br\/site\/wp-json\/wp\/v2\/posts"}],"about":[{"href":"https:\/\/jornaloalvorada.com.br\/site\/wp-json\/wp\/v2\/types\/post"}],"author":[{"embeddable":true,"href":"https:\/\/jornaloalvorada.com.br\/site\/wp-json\/wp\/v2\/users\/1"}],"replies":[{"embeddable":true,"href":"https:\/\/jornaloalvorada.com.br\/site\/wp-json\/wp\/v2\/comments?post=947"}],"version-history":[{"count":1,"href":"https:\/\/jornaloalvorada.com.br\/site\/wp-json\/wp\/v2\/posts\/947\/revisions"}],"predecessor-version":[{"id":949,"href":"https:\/\/jornaloalvorada.com.br\/site\/wp-json\/wp\/v2\/posts\/947\/revisions\/949"}],"wp:featuredmedia":[{"embeddable":true,"href":"https:\/\/jornaloalvorada.com.br\/site\/wp-json\/wp\/v2\/media\/948"}],"wp:attachment":[{"href":"https:\/\/jornaloalvorada.com.br\/site\/wp-json\/wp\/v2\/media?parent=947"}],"wp:term":[{"taxonomy":"category","embeddable":true,"href":"https:\/\/jornaloalvorada.com.br\/site\/wp-json\/wp\/v2\/categories?post=947"},{"taxonomy":"post_tag","embeddable":true,"href":"https:\/\/jornaloalvorada.com.br\/site\/wp-json\/wp\/v2\/tags?post=947"}],"curies":[{"name":"wp","href":"https:\/\/api.w.org\/{rel}","templated":true}]}}