{"id":9466,"date":"2025-02-08T11:42:13","date_gmt":"2025-02-08T15:42:13","guid":{"rendered":"https:\/\/jornaloalvorada.com.br\/site\/?p=9466"},"modified":"2025-02-08T11:43:02","modified_gmt":"2025-02-08T15:43:02","slug":"proibicao-de-celulares-secretaria-de-educacao-divulga-regras-para-as-escolas","status":"publish","type":"post","link":"https:\/\/jornaloalvorada.com.br\/site\/2025\/02\/08\/proibicao-de-celulares-secretaria-de-educacao-divulga-regras-para-as-escolas\/","title":{"rendered":"Proibi\u00e7\u00e3o de celulares: Secretaria de Educa\u00e7\u00e3o divulga regras para as escolas"},"content":{"rendered":"\n<p>A Secretaria de Estado de Educa\u00e7\u00e3o do Distrito Federal (SEEDF) publicou, nesta sexta-feira (7\/2), uma circular com novas orienta\u00e7\u00f5es sobre o uso de celulares e outros dispositivos eletr\u00f4nicos port\u00e1teis por alunos nas escolas p\u00fablicas de ensino fundamental e m\u00e9dio do DF. A medida, que tem como base a Lei n\u00ba 15.100\/2025, visa melhorar o desempenho acad\u00eamico e o bem-estar dos estudantes.<\/p>\n\n\n\n<p>A circular da Secretaria de Educa\u00e7\u00e3o prev\u00ea exce\u00e7\u00f5es para o uso de celulares em sala de aula, desde que para fins pedag\u00f3gicos e com atividades previamente planejadas e supervisionadas pelos professores. Nesses casos, o uso dos aparelhos deve estar alinhado aos objetivos curriculares e contar com a&nbsp;<a href=\"https:\/\/www.correiobraziliense.com.br\/cidades-df\/2025\/01\/7044431-pais-e-filhos-buscam-um-equilibrio-para-uso-de-celulares-nas-escolas.html\">participa\u00e7\u00e3o dos pais e respons\u00e1veis<\/a>&nbsp;na avalia\u00e7\u00e3o de seu uso.<\/p>\n\n\n\n<p>Nos casos em que o uso de celulares n\u00e3o for autorizado, os alunos dever\u00e3o manter os aparelhos desligados e armazenados em suas mochilas ou em locais designados pela escola. O descumprimento das regras poder\u00e1 acarretar medidas educativas e\/ou disciplinares, como advert\u00eancias e suspens\u00f5es.<\/p>\n\n\n\n<p>A SEEDF tamb\u00e9m orienta as escolas a promoverem atividades de conscientiza\u00e7\u00e3o sobre o uso respons\u00e1vel e seguro de tecnologias digitais, como palestras, oficinas e campanhas educativas. O objetivo \u00e9 envolver alunos, pais, professores e toda a comunidade escolar na discuss\u00e3o sobre os impactos do uso excessivo de celulares e outras tecnologias.<\/p>\n\n\n\n<p>A iniciativa da SEEDF est\u00e1 alinhada com a legisla\u00e7\u00e3o distrital sobre o tema, que j\u00e1 previa a proibi\u00e7\u00e3o do uso de celulares em sala de aula desde 2008. A decis\u00e3o tamb\u00e9m se baseia em <a href=\"https:\/\/www.correiobraziliense.com.br\/mundo\/2025\/02\/amp\/7052778-proibir-telefone-nas-escolas-nao-melhora-notas-nem-bem-estar-segundo-pesquisa.html\">estudos cient\u00edficos e recomenda\u00e7\u00f5es<\/a> de institui\u00e7\u00f5es como a Organiza\u00e7\u00e3o das Na\u00e7\u00f5es Unidas para a Educa\u00e7\u00e3o, a Ci\u00eancia e a Cultura (Unesco), que apontam para os impactos negativos do uso excessivo de telas no desenvolvimento de crian\u00e7as e adolescentes.<\/p>\n\n\n\n<p>A secret\u00e1ria de Educa\u00e7\u00e3o do DF, H\u00e9lvia Paranagu\u00e1, destaca que a medida \u00e9 &#8220;muito acertada&#8221;, pois, para ela, o ambiente escolar deve ser um espa\u00e7o de foco nas aprendizagens e na socializa\u00e7\u00e3o. &#8220;O intervalo \u00e9 para isso, para conversar e brincar com os colegas. Essa viv\u00eancia escolar e troca de experi\u00eancias \u00e9 essencial para a forma\u00e7\u00e3o dos nossos jovens&#8221;, afirma a secret\u00e1ria.<\/p>\n\n\n\n<p>A pedagoga e orientadora educacional da SEEDF, Marina Rampazzo, tamb\u00e9m ressalta os <a href=\"https:\/\/www.correiobraziliense.com.br\/cidades-df\/2025\/01\/7044953-lei-que-proibe-celulares-muda-rotina-das-escolas-particulares-do-df.html\">benef\u00edcios da restri\u00e7\u00e3o ao uso de celulares<\/a> para a sa\u00fade mental e as rela\u00e7\u00f5es sociais dos estudantes. &#8220;A tend\u00eancia \u00e9 a amplia\u00e7\u00e3o das aprendizagens, das rela\u00e7\u00f5es sociais e da sa\u00fade dos estudantes como um todo&#8221;, acredita Rampazzo.<\/p>\n\n\n\n<p><strong><em>Fonte: Ag\u00eancia Brasil<\/em><\/strong><\/p>\n","protected":false},"excerpt":{"rendered":"<p>A Secretaria de Estado de Educa\u00e7\u00e3o do Distrito Federal (SEEDF) publicou, nesta sexta-feira (7\/2), uma circular com novas orienta\u00e7\u00f5es sobre<\/p>\n","protected":false},"author":1,"featured_media":9469,"comment_status":"open","ping_status":"open","sticky":false,"template":"","format":"standard","meta":{"footnotes":""},"categories":[2],"tags":[],"class_list":["post-9466","post","type-post","status-publish","format-standard","has-post-thumbnail","hentry","category-noticias"],"_links":{"self":[{"href":"https:\/\/jornaloalvorada.com.br\/site\/wp-json\/wp\/v2\/posts\/9466","targetHints":{"allow":["GET"]}}],"collection":[{"href":"https:\/\/jornaloalvorada.com.br\/site\/wp-json\/wp\/v2\/posts"}],"about":[{"href":"https:\/\/jornaloalvorada.com.br\/site\/wp-json\/wp\/v2\/types\/post"}],"author":[{"embeddable":true,"href":"https:\/\/jornaloalvorada.com.br\/site\/wp-json\/wp\/v2\/users\/1"}],"replies":[{"embeddable":true,"href":"https:\/\/jornaloalvorada.com.br\/site\/wp-json\/wp\/v2\/comments?post=9466"}],"version-history":[{"count":1,"href":"https:\/\/jornaloalvorada.com.br\/site\/wp-json\/wp\/v2\/posts\/9466\/revisions"}],"predecessor-version":[{"id":9468,"href":"https:\/\/jornaloalvorada.com.br\/site\/wp-json\/wp\/v2\/posts\/9466\/revisions\/9468"}],"wp:featuredmedia":[{"embeddable":true,"href":"https:\/\/jornaloalvorada.com.br\/site\/wp-json\/wp\/v2\/media\/9469"}],"wp:attachment":[{"href":"https:\/\/jornaloalvorada.com.br\/site\/wp-json\/wp\/v2\/media?parent=9466"}],"wp:term":[{"taxonomy":"category","embeddable":true,"href":"https:\/\/jornaloalvorada.com.br\/site\/wp-json\/wp\/v2\/categories?post=9466"},{"taxonomy":"post_tag","embeddable":true,"href":"https:\/\/jornaloalvorada.com.br\/site\/wp-json\/wp\/v2\/tags?post=9466"}],"curies":[{"name":"wp","href":"https:\/\/api.w.org\/{rel}","templated":true}]}}