{"id":938,"date":"2023-03-29T14:11:00","date_gmt":"2023-03-29T18:11:00","guid":{"rendered":"https:\/\/jornaloalvorada.com.br\/site\/?p=938"},"modified":"2023-03-29T19:13:44","modified_gmt":"2023-03-29T23:13:44","slug":"nota-de-falecimento","status":"publish","type":"post","link":"https:\/\/jornaloalvorada.com.br\/site\/2023\/03\/29\/nota-de-falecimento\/","title":{"rendered":"Nota de Falecimento"},"content":{"rendered":"\n<p>Nota de Falecimento &#8211; Nova Alvorada do Sul<\/p>\n\n\n\n<p>\u00c9 com grande pesar que comunicamos o falecimento de Dona Nadir Pereira.<\/p>\n\n\n\n<p>Prestamos solidariedade aos familiares e amigos por esta irrepar\u00e1vel perda e rogamos para que Deus possa confort\u00e1-los nesse momento de grande dor, em que as palavras se apequenam e o esp\u00edrito busca amparo na F\u00e9.<\/p>\n\n\n\n<p>Nossos sinceros sentimentos.<\/p>\n","protected":false},"excerpt":{"rendered":"<p>Nota de Falecimento &#8211; Nova Alvorada do Sul \u00c9 com grande pesar que comunicamos o falecimento de Dona Nadir Pereira.<\/p>\n","protected":false},"author":1,"featured_media":939,"comment_status":"open","ping_status":"open","sticky":false,"template":"","format":"standard","meta":{"footnotes":""},"categories":[3],"tags":[],"class_list":["post-938","post","type-post","status-publish","format-standard","has-post-thumbnail","hentry","category-social"],"_links":{"self":[{"href":"https:\/\/jornaloalvorada.com.br\/site\/wp-json\/wp\/v2\/posts\/938","targetHints":{"allow":["GET"]}}],"collection":[{"href":"https:\/\/jornaloalvorada.com.br\/site\/wp-json\/wp\/v2\/posts"}],"about":[{"href":"https:\/\/jornaloalvorada.com.br\/site\/wp-json\/wp\/v2\/types\/post"}],"author":[{"embeddable":true,"href":"https:\/\/jornaloalvorada.com.br\/site\/wp-json\/wp\/v2\/users\/1"}],"replies":[{"embeddable":true,"href":"https:\/\/jornaloalvorada.com.br\/site\/wp-json\/wp\/v2\/comments?post=938"}],"version-history":[{"count":1,"href":"https:\/\/jornaloalvorada.com.br\/site\/wp-json\/wp\/v2\/posts\/938\/revisions"}],"predecessor-version":[{"id":940,"href":"https:\/\/jornaloalvorada.com.br\/site\/wp-json\/wp\/v2\/posts\/938\/revisions\/940"}],"wp:featuredmedia":[{"embeddable":true,"href":"https:\/\/jornaloalvorada.com.br\/site\/wp-json\/wp\/v2\/media\/939"}],"wp:attachment":[{"href":"https:\/\/jornaloalvorada.com.br\/site\/wp-json\/wp\/v2\/media?parent=938"}],"wp:term":[{"taxonomy":"category","embeddable":true,"href":"https:\/\/jornaloalvorada.com.br\/site\/wp-json\/wp\/v2\/categories?post=938"},{"taxonomy":"post_tag","embeddable":true,"href":"https:\/\/jornaloalvorada.com.br\/site\/wp-json\/wp\/v2\/tags?post=938"}],"curies":[{"name":"wp","href":"https:\/\/api.w.org\/{rel}","templated":true}]}}