{"id":9376,"date":"2025-01-30T13:43:00","date_gmt":"2025-01-30T17:43:00","guid":{"rendered":"https:\/\/jornaloalvorada.com.br\/site\/?p=9376"},"modified":"2025-01-30T17:45:45","modified_gmt":"2025-01-30T21:45:45","slug":"camara-de-vereadores-de-rio-brilhante-realiza-dia-3-a-primeira-sessao-do-ano-com-presenca-de-todos-os-parlamentares","status":"publish","type":"post","link":"https:\/\/jornaloalvorada.com.br\/site\/2025\/01\/30\/camara-de-vereadores-de-rio-brilhante-realiza-dia-3-a-primeira-sessao-do-ano-com-presenca-de-todos-os-parlamentares\/","title":{"rendered":"C\u00e2mara de Vereadores de Rio Brilhante realiza dia 3 a primeira sess\u00e3o do ano com presen\u00e7a de todos os parlamentares"},"content":{"rendered":"\n<p>A C\u00e2mara Municipal de Rio Brilhante inicia oficialmente seus trabalhos legislativos na pr\u00f3xima segunda-feira, 3 de fevereiro, \u00e0s 8h, no plen\u00e1rio da Casa de Leis. A sess\u00e3o contar\u00e1 com a presen\u00e7a dos 13 vereadores, refor\u00e7ando o compromisso da atual legislatura com a transpar\u00eancia e a participa\u00e7\u00e3o ativa da popula\u00e7\u00e3o.<\/p>\n\n\n\n<figure class=\"wp-block-image\"><img decoding=\"async\" src=\"https:\/\/riobrilhanteinforma.com.br\/envios\/2025\/01\/29\/dde7f29c122081ae1d262934e56ce2da.webp\" alt=\"\"\/><\/figure>\n\n\n\n<p>O presidente da C\u00e2mara, vereador Jos\u00e9 Maria Caetano de Sousa &#8211; N\u00f4 (PP), destacou a import\u00e2ncia da presen\u00e7a dos parlamentares e da comunidade no acompanhamento dos debates e decis\u00f5es que impactam diretamente o munic\u00edpio. &#8220;Nosso compromisso \u00e9 com um trabalho s\u00e9rio, transparente e sempre pr\u00f3ximo da popula\u00e7\u00e3o. Queremos uma C\u00e2mara atuante, onde a voz do cidad\u00e3o seja ouvida e respeitada&#8221;, afirmou.<\/p>\n\n\n\n<p>A nova legislatura tem como objetivo fortalecer o di\u00e1logo com a sociedade, promovendo a\u00e7\u00f5es que ampliem a participa\u00e7\u00e3o popular. Al\u00e9m do presidente, comp\u00f5em a Mesa Diretora:<\/p>\n\n\n\n<p>&nbsp;\u0095 Vice-presidente: Rodrigo Martins Laboissier Ramos (MDB)<\/p>\n\n\n\n<p>&nbsp;\u0095 1\u00aa Secret\u00e1ria: L\u00edvia Concei\u00e7\u00e3o Dias da Silva (MDB)<\/p>\n\n\n\n<p>&nbsp;\u0095 2\u00ba Secret\u00e1rio: Julio Ricci Tolomei (MDB)&nbsp;<\/p>\n\n\n\n<p>Os demais vereadores que integram a atual legislatura s\u00e3o: Ad\u00e3o Evandro Pereira Leite (PP), Carlos Roberto Segatto (Uni\u00e3o), Daniele Gon\u00e7alves Freitas de Souza (PSDB), Daverson Munhoz de Matos (PL), Jeferson da Silva dos Santos (Republicanos), M\u00e1rcio Belone (PSB), Paulo C\u00e9sar Alves (MDB), Rivelino Gon\u00e7alves do Nascimento (PSDB) e Valci Pereira de Souza (PL).&nbsp;<\/p>\n\n\n\n<p>A presen\u00e7a de todos os vereadores na primeira sess\u00e3o do ano demonstra a unidade e o comprometimento do Legislativo municipal com a popula\u00e7\u00e3o de Rio Brilhante. A expectativa \u00e9 que 2025 seja um ano de avan\u00e7os e conquistas, com a C\u00e2mara desempenhando um papel fundamental no desenvolvimento da cidade.&nbsp;<\/p>\n\n\n\n<p>A sess\u00e3o ser\u00e1 aberta ao p\u00fablico, e a participa\u00e7\u00e3o popular \u00e9 incentivada. Al\u00e9m disso, os cidad\u00e3os podem acompanhar os trabalhos legislativos por meio das transmiss\u00f5es online e dos canais oficiais da C\u00e2mara.<\/p>\n\n\n\n<p><strong>ASECOM &#8211; CMRB<\/strong><\/p>\n","protected":false},"excerpt":{"rendered":"<p>A C\u00e2mara Municipal de Rio Brilhante inicia oficialmente seus trabalhos legislativos na pr\u00f3xima segunda-feira, 3 de fevereiro, \u00e0s 8h, no<\/p>\n","protected":false},"author":1,"featured_media":9377,"comment_status":"open","ping_status":"open","sticky":false,"template":"","format":"standard","meta":{"footnotes":""},"categories":[2],"tags":[],"class_list":["post-9376","post","type-post","status-publish","format-standard","has-post-thumbnail","hentry","category-noticias"],"_links":{"self":[{"href":"https:\/\/jornaloalvorada.com.br\/site\/wp-json\/wp\/v2\/posts\/9376","targetHints":{"allow":["GET"]}}],"collection":[{"href":"https:\/\/jornaloalvorada.com.br\/site\/wp-json\/wp\/v2\/posts"}],"about":[{"href":"https:\/\/jornaloalvorada.com.br\/site\/wp-json\/wp\/v2\/types\/post"}],"author":[{"embeddable":true,"href":"https:\/\/jornaloalvorada.com.br\/site\/wp-json\/wp\/v2\/users\/1"}],"replies":[{"embeddable":true,"href":"https:\/\/jornaloalvorada.com.br\/site\/wp-json\/wp\/v2\/comments?post=9376"}],"version-history":[{"count":1,"href":"https:\/\/jornaloalvorada.com.br\/site\/wp-json\/wp\/v2\/posts\/9376\/revisions"}],"predecessor-version":[{"id":9378,"href":"https:\/\/jornaloalvorada.com.br\/site\/wp-json\/wp\/v2\/posts\/9376\/revisions\/9378"}],"wp:featuredmedia":[{"embeddable":true,"href":"https:\/\/jornaloalvorada.com.br\/site\/wp-json\/wp\/v2\/media\/9377"}],"wp:attachment":[{"href":"https:\/\/jornaloalvorada.com.br\/site\/wp-json\/wp\/v2\/media?parent=9376"}],"wp:term":[{"taxonomy":"category","embeddable":true,"href":"https:\/\/jornaloalvorada.com.br\/site\/wp-json\/wp\/v2\/categories?post=9376"},{"taxonomy":"post_tag","embeddable":true,"href":"https:\/\/jornaloalvorada.com.br\/site\/wp-json\/wp\/v2\/tags?post=9376"}],"curies":[{"name":"wp","href":"https:\/\/api.w.org\/{rel}","templated":true}]}}