{"id":9351,"date":"2025-01-30T08:32:18","date_gmt":"2025-01-30T12:32:18","guid":{"rendered":"https:\/\/jornaloalvorada.com.br\/site\/?p=9351"},"modified":"2025-01-30T08:32:21","modified_gmt":"2025-01-30T12:32:21","slug":"prefeitura-em-parceria-com-o-governo-e-a-sejusp-ms-entrega-mais-de-470-carteiras-de-identidade-cin-no-distrito-pana","status":"publish","type":"post","link":"https:\/\/jornaloalvorada.com.br\/site\/2025\/01\/30\/prefeitura-em-parceria-com-o-governo-e-a-sejusp-ms-entrega-mais-de-470-carteiras-de-identidade-cin-no-distrito-pana\/","title":{"rendered":"Prefeitura, em parceria com o Governo e a SEJUSP-MS, entrega mais de 470 Carteiras de Identidade (CIN) no Distrito Pana"},"content":{"rendered":"\n<p>O prefeito Jos\u00e9 Paulo Paleari entregou em uma a\u00e7\u00e3o da Prefeitura Municipal de Nova Alvorada do Sul, em parceria com o Governo do Estado e a SEJUSP-MS, nesta quarta-feira (29), mais de 470 Carteiras de Identidade (CIN) no Distrito Pana. A solenidade aconteceu na Escola Municipal Rosalvo da Rocha Rodrigue e reuniu autoridades e os moradores da regi\u00e3o.<\/p>\n\n\n\n<p>Os documentos entregues foram emitidos durante o mutir\u00e3o de coleta de dados, que ocorreu entre os dias 16 e 20 de dezembro, no CRAS do Distrito. A iniciativa vai facilitar o acesso da popula\u00e7\u00e3o a documentos essenciais, promovendo inclus\u00e3o social e assegurando o direito \u00e0 documenta\u00e7\u00e3o regularizada.<\/p>\n\n\n\n<p>Durante o evento, o prefeito Paleari destacou a import\u00e2ncia da a\u00e7\u00e3o para os moradores do distrito e anunciou que a iniciativa ser\u00e1 ampliada para outros assentamentos e para a cidade. \u201c\u00c9 com grande satisfa\u00e7\u00e3o que realizamos a entrega de quase 500 documentos de identidade (CIN), t\u00e3o importantes para os moradores do Distrito Pana. Em breve nossa equipe em parceria com o governo do estado e SEJUSP estar\u00e3o realizando tamb\u00e9m atendimento em outros assentamentos e na cidade. Essa iniciativa refor\u00e7a o nosso compromisso em aproximar os servi\u00e7os p\u00fablicos da popula\u00e7\u00e3o, oferecendo mais comodidade e dignidade a todos\u201d, afirmou.<\/p>\n\n\n\n<p>A Carteira de Identidade Nacional (CIN) substitui o antigo RG e unifica o n\u00famero do documento com o Cadastro de Pessoas F\u00edsicas (CPF), facilitando a identifica\u00e7\u00e3o dos cidad\u00e3os em todo o territ\u00f3rio nacional. O novo modelo conta com mais recursos de seguran\u00e7a e padroniza\u00e7\u00e3o em todo o pa\u00eds.<\/p>\n","protected":false},"excerpt":{"rendered":"<p>O prefeito Jos\u00e9 Paulo Paleari entregou em uma a\u00e7\u00e3o da Prefeitura Municipal de Nova Alvorada do Sul, em parceria com<\/p>\n","protected":false},"author":1,"featured_media":9352,"comment_status":"open","ping_status":"open","sticky":false,"template":"","format":"standard","meta":{"footnotes":""},"categories":[2],"tags":[],"class_list":["post-9351","post","type-post","status-publish","format-standard","has-post-thumbnail","hentry","category-noticias"],"_links":{"self":[{"href":"https:\/\/jornaloalvorada.com.br\/site\/wp-json\/wp\/v2\/posts\/9351","targetHints":{"allow":["GET"]}}],"collection":[{"href":"https:\/\/jornaloalvorada.com.br\/site\/wp-json\/wp\/v2\/posts"}],"about":[{"href":"https:\/\/jornaloalvorada.com.br\/site\/wp-json\/wp\/v2\/types\/post"}],"author":[{"embeddable":true,"href":"https:\/\/jornaloalvorada.com.br\/site\/wp-json\/wp\/v2\/users\/1"}],"replies":[{"embeddable":true,"href":"https:\/\/jornaloalvorada.com.br\/site\/wp-json\/wp\/v2\/comments?post=9351"}],"version-history":[{"count":1,"href":"https:\/\/jornaloalvorada.com.br\/site\/wp-json\/wp\/v2\/posts\/9351\/revisions"}],"predecessor-version":[{"id":9353,"href":"https:\/\/jornaloalvorada.com.br\/site\/wp-json\/wp\/v2\/posts\/9351\/revisions\/9353"}],"wp:featuredmedia":[{"embeddable":true,"href":"https:\/\/jornaloalvorada.com.br\/site\/wp-json\/wp\/v2\/media\/9352"}],"wp:attachment":[{"href":"https:\/\/jornaloalvorada.com.br\/site\/wp-json\/wp\/v2\/media?parent=9351"}],"wp:term":[{"taxonomy":"category","embeddable":true,"href":"https:\/\/jornaloalvorada.com.br\/site\/wp-json\/wp\/v2\/categories?post=9351"},{"taxonomy":"post_tag","embeddable":true,"href":"https:\/\/jornaloalvorada.com.br\/site\/wp-json\/wp\/v2\/tags?post=9351"}],"curies":[{"name":"wp","href":"https:\/\/api.w.org\/{rel}","templated":true}]}}