{"id":9347,"date":"2025-01-29T11:40:26","date_gmt":"2025-01-29T15:40:26","guid":{"rendered":"https:\/\/jornaloalvorada.com.br\/site\/?p=9347"},"modified":"2025-01-29T11:40:29","modified_gmt":"2025-01-29T15:40:29","slug":"medo-de-ir-a-igreja-e-tensao-nos-grupos-de-whatsapp-a-mudanca-de-rotina-dos-imigrantes-brasileiros-nos-eua","status":"publish","type":"post","link":"https:\/\/jornaloalvorada.com.br\/site\/2025\/01\/29\/medo-de-ir-a-igreja-e-tensao-nos-grupos-de-whatsapp-a-mudanca-de-rotina-dos-imigrantes-brasileiros-nos-eua\/","title":{"rendered":"Medo de ir \u00e0 igreja e tens\u00e3o nos grupos de WhatsApp: a mudan\u00e7a de rotina dos imigrantes brasileiros nos EUA"},"content":{"rendered":"\n<p>S\u00e3o pessoas que mudaram a rotina, passaram a evitar sair de casa e at\u00e9 cogitam voltar o mais r\u00e1pido poss\u00edvel ao Brasil diante das not\u00edcias do cerco do presidente <a href=\"https:\/\/g1.globo.com\/tudo-sobre\/donald-trump\/\">Donald Trump<\/a> a imigrantes sem documentos, conta Pena, que tem mais de 1 milh\u00e3o de seguidores no TikTok e vive nos EUA h\u00e1 15 anos.<\/p>\n\n\n\n<p>O efeito das promessas de endurecimento das pol\u00edticas de deporta\u00e7\u00e3o e an\u00fancios de blitz para capturar imigrantes irregulares tamb\u00e9m j\u00e1 pode ser sentido em ambientes frequentados pela comunidade brasileira, como mercados e igrejas evang\u00e9licas, segundo relatos ouvidos pela BBC News Brasil.<\/p>\n\n\n\n<blockquote class=\"wp-block-quote is-layout-flow wp-block-quote-is-layout-flow\">\n<p>&#8220;Os cultos est\u00e3o bem mais vazios, as pessoas est\u00e3o com medo at\u00e9 de ir para a Igreja&#8221;, diz Fernanda*, estudante brasileira que uma das cidades americanas que mais concentram brasileiros.<\/p>\n<\/blockquote>\n\n\n\n<p>Em mais de 21 a\u00e7\u00f5es, Trump tomou medidas para reformular partes do sistema de imigra\u00e7\u00e3o dos EUA, incluindo como os migrantes s\u00e3o processados e deportados do pa\u00eds.<\/p>\n\n\n\n<p>Opera\u00e7\u00f5es para prender imigrantes ilegais nos EUA chegam a Nova York e brasileiros relatam medo<\/p>\n\n\n\n<p>Em declara\u00e7\u00f5es \u00e0 imprensa, membros do governo americano e a Casa Branca t\u00eam dito que o foco das opera\u00e7\u00f5es s\u00e3o imigrantes &#8220;criminosos&#8221; que amea\u00e7am &#8220;a seguran\u00e7a p\u00fablica e a seguran\u00e7a nacional&#8221;.<\/p>\n\n\n\n<blockquote class=\"wp-block-quote is-layout-flow wp-block-quote-is-layout-flow\">\n<p>Mas s\u00e3o os relatos sobre pessoas que n\u00e3o cometeram crimes nos EUA, mas foram detidas mesmo assim, que t\u00eam assustado a comunidade brasileira.<\/p>\n<\/blockquote>\n\n\n\n<p>A CBS News, parceira da BBC nos EUA, reportou a hist\u00f3ria de uma mulher venezuelana detida em uma opera\u00e7\u00e3o em Miami. Ela estava no meio do processo para conseguir a cidadania, com data marcada para audi\u00eancia, disse o seu marido.<\/p>\n\n\n\n<p>Nesta ter\u00e7a-feira (28\/1), a porta-voz da Casa Branca, Karoline Leavitt, disse em sua primeira coletiva de imprensa do novo governo que qualquer pessoa que tenha migrado irregularmente para os EUA \u00e9 um &#8220;criminoso&#8221;.<\/p>\n\n\n\n<p>&#8220;Se eles violaram as leis da nossa na\u00e7\u00e3o, eles s\u00e3o criminosos&#8221;, disse ela.<\/p>\n\n\n\n<p><strong>Leavitt acrescentou que Trump quer que todos os imigrantes ilegais sejam removidos<\/strong> \u2014 desde estupradores e assassinos at\u00e9 migrantes sem documentos e sem registros criminais.<\/p>\n\n\n\n<figure class=\"wp-block-image\"><img decoding=\"async\" src=\"https:\/\/s2-g1.glbimg.com\/T63ZiJhKw0alisOybd4JlR1X52Q=\/0x0:800x450\/984x0\/smart\/filters:strip_icc()\/i.s3.glbimg.com\/v1\/AUTH_59edd422c0c84a879bd37670ae4f538a\/internal_photos\/bs\/2025\/D\/x\/DnthYyTG6nB1dcsUjJoQ\/thumbnail-image002-27-.png\" alt=\"Influenciador Junior Pena diz que comunidade brasileira est\u00e1 assustada. \u2014 Foto: Reprodu\u00e7\u00e3o\/Junior Pena no Youtube\"\/><\/figure>\n\n\n\n<p>Influenciador Junior Pena diz que comunidade brasileira est\u00e1 assustada. \u2014 Foto: Reprodu\u00e7\u00e3o\/Junior Pena no Youtube<\/p>\n\n\n\n<h2 class=\"wp-block-heading\">Medo de estar &#8216;no lugar errado, na hora errada&#8217;<\/h2>\n\n\n\n<p>Os brasileiros entrevistados pela BBC News Brasil repetiram com frequ\u00eancia que o governo Trump de fato est\u00e1 em busca de imigrantes &#8220;criminosos&#8221;, e n\u00e3o dos &#8220;trabalhadores&#8221;, como foi dito ao longo da campanha do republicano.<\/p>\n\n\n\n<p>Mas as mensagens que chegam pelo WhatsApp t\u00eam alertado sobre o chamado &#8220;dano colateral&#8221;, um termo usado por autoridades americanas para designar imigrantes sem documentos, mas sem ficha criminal, que acabam sendo levados junto aos alvos prim\u00e1rios dos agentes atualmente, aqueles com crimes pregressos.<\/p>\n\n\n\n<blockquote class=\"wp-block-quote is-layout-flow wp-block-quote-is-layout-flow\">\n<p>&#8220;As pessoas est\u00e3o bem assustadas e com muito medo. E a gente tenta cuidar, ver com quem est\u00e1 trabalhando, com quem est\u00e1 andando, porque se estiver pr\u00f3ximo a algu\u00e9m que tem problema, vai acabar sendo um dano colateral, n\u00e9?!&#8221;, diz Dinorah*, moradora da Carolina do Norte que entrou no pa\u00eds com um visto de turismo e nunca mais partiu.<\/p>\n<\/blockquote>\n\n\n\n<p>&#8220;Eu acredito que eles querem pegar bandidos para deporta\u00e7\u00e3o. Mas <strong>se voc\u00ea estiver no lugar errado na hora errada, vai ser pego<\/strong>&#8220;, completa Ricardo*, brasileiro que \u00e9 acompanhado por milhares de imigrantes nas redes sociais.<\/p>\n\n\n\n<p>O brasileiro diz que a orienta\u00e7\u00e3o de advogados com quem conversou \u00e9 n\u00e3o ir a lugares com muitos imigrantes e evitar conviver com pessoas cujo passado ou ficha criminal voc\u00ea n\u00e3o conhece.<\/p>\n\n\n\n<p>&#8220;Se voc\u00ea mora numa casa com muitos imigrantes, eles podem ir l\u00e1 pegar uma pessoa e levar todo mundo que est\u00e1 dentro da resid\u00eancia&#8221;, diz Ricardo.<\/p>\n\n\n\n<p>Uma semana ap\u00f3s a posse de Trump, Rafael*, um brasileiro sem documentos que vive na Fl\u00f3rida, teve reuni\u00e3o com a advogada respons\u00e1vel por sua defesa nos processos de migra\u00e7\u00e3o na Justi\u00e7a dos EUA.<\/p>\n\n\n\n<blockquote class=\"wp-block-quote is-layout-flow wp-block-quote-is-layout-flow\">\n<p>&#8220;Ela nos disse que n\u00e3o \u00e9 para ir a supermercado brasileiro, festa de imigrante, evitar qualquer aglomera\u00e7\u00e3o, n\u00e9?!&#8221;<\/p>\n<\/blockquote>\n\n\n\n<p>A rotina dele atualmente se resume ao deslocamento entre sua casa e os locais de trabalho, que variam.<\/p>\n\n\n\n<p>Evang\u00e9lico, ele diz que o &#8220;medo aumentou&#8221; desde a posse de Trump, mas que &#8220;seja feita a vontade de Deus&#8221;.<\/p>\n\n\n\n<p>Nas conversas com a comunidade brasileira, o influenciador Junior Pena tamb\u00e9m tem falado sobre &#8220;andar pisando em ovos&#8221;.<\/p>\n\n\n\n<p>Ou seja, que os brasileiros tentem n\u00e3o chamar a aten\u00e7\u00e3o, inclusive no tr\u00e2nsito: &#8220;Digo para dirigir no limite de velocidade, n\u00e3o furar o sinal vermelho&#8221;, diz Pena, que al\u00e9m de influenciador, atua na constru\u00e7\u00e3o civil e vive no pa\u00eds sem documentos.<\/p>\n\n\n\n<p>Mesmo estando h\u00e1 15 anos nessa situa\u00e7\u00e3o, Pena diz que leva uma vida &#8220;normal&#8221;, podendo viajar de f\u00e9rias em voos internos, tirar carteira de motorista e alugar casas.<\/p>\n\n\n\n<p>Mas, agora, os planos tamb\u00e9m mudaram. &#8220;Eu tinha viagem marcada para visitar o Alasca, mas n\u00e3o vou mais. N\u00e3o \u00e9 o momento para a gente entrar no avi\u00e3o&#8221;, conta.<\/p>\n\n\n\n<figure class=\"wp-block-image\"><img decoding=\"async\" src=\"https:\/\/s2-g1.glbimg.com\/hmvFcwGNrcwXvAw2eBzdqNjTDGg=\/0x0:800x533\/984x0\/smart\/filters:strip_icc()\/i.s3.glbimg.com\/v1\/AUTH_59edd422c0c84a879bd37670ae4f538a\/internal_photos\/bs\/2025\/2\/T\/byNmTJSImXota9T6pdnw\/thumbnail-image003-24-.png\" alt=\"Igreja em Nova York colou recado na porta avisando que o Servi\u00e7o de Imigra\u00e7\u00e3o e Alf\u00e2ndega (ICE) n\u00e3o pode entrar no pr\u00e9dio sem autoriza\u00e7\u00e3o de um juiz. \u2014 Foto: EPA via BBC\"\/><\/figure>\n\n\n\n<p>Igreja em Nova York colou recado na porta avisando que o Servi\u00e7o de Imigra\u00e7\u00e3o e Alf\u00e2ndega (ICE) n\u00e3o pode entrar no pr\u00e9dio sem autoriza\u00e7\u00e3o de um juiz. \u2014 Foto: EPA via BBC<\/p>\n\n\n\n<p>O novo momento vivido nos EUA tem afetado at\u00e9 aqueles que est\u00e3o com a documenta\u00e7\u00e3o em dia.<\/p>\n\n\n\n<p>Fernanda, que estuda teologia e vende comida brasileira em Massachusetts, diz que ela pr\u00f3pria diminuiu a frequ\u00eancia de ir \u00e0 igreja.<\/p>\n\n\n\n<p>&#8220;A gente nunca sabe o que pode acontecer&#8221;, reflete a brasileira, que diz ter percebido o templo se esvaziar.<\/p>\n\n\n\n<p>Um pastor brasileiro com atua\u00e7\u00e3o em Orlando, que preferiu falar \u00e0 BBC News Brasil reservadamente para n\u00e3o se associar ao tema, disse que a sua igreja &#8220;n\u00e3o recomenda nem estimula ningu\u00e9m a vir aos <a href=\"https:\/\/g1.globo.com\/tudo-sobre\/estados-unidos\/\">Estados Unidos<\/a> sem as devidas autoriza\u00e7\u00f5es&#8221; e que at\u00e9 por isso n\u00e3o oferece aux\u00edlio jur\u00eddico aos fi\u00e9is em situa\u00e7\u00e3o irregular no pa\u00eds.<\/p>\n\n\n\n<p>&#8220;L\u00f3gico que causa p\u00e2nicos nas pessoas, grande parte imigrante sem documento, que n\u00e3o s\u00e3o criminosos nem delinquentes&#8221;, diz o pastor, que afirma: &#8220;Depende do lado que se v\u00ea: para o cidad\u00e3o americano que se viu mais pobre e inseguro, [as deporta\u00e7\u00f5es] podem parecer &#8216;precau\u00e7\u00e3o&#8217;. Para os imigrantes indocumentados: trag\u00e9dia, sem d\u00favida&#8221;, afirma.<\/p>\n\n\n\n<h2 class=\"wp-block-heading\">&#8216;Dias de terror psicol\u00f3gico&#8217;<\/h2>\n\n\n\n<p>O influenciador Junior Pena acredita que essa primeira semana de Trump tem sido dias de &#8220;terror psicol\u00f3gico&#8221; para a comunidade de imigrantes brasileiros.<\/p>\n\n\n\n<p>O n\u00edvel de tens\u00e3o das pessoas aumentou ap\u00f3s virem \u00e0 tona not\u00edcias sobre maus tratos contra brasileiros no voo com deportados no \u00faltimo s\u00e1bado (25\/1).<\/p>\n\n\n\n<p>Uma brasileira em Massachusetts escreveu uma mensagem \u00e0 BBC News Brasil dizendo que est\u00e1 &#8220;por um triz de pegar meus filhos e ir embora&#8221;.<\/p>\n\n\n\n<blockquote class=\"wp-block-quote is-layout-flow wp-block-quote-is-layout-flow\">\n<p>&#8220;Ningu\u00e9m quer passar por aquilo, ficar acorrentando, sofrer no calor, ainda mais com filhos pequenos&#8221;, opina Pena.<\/p>\n<\/blockquote>\n\n\n\n<figure class=\"wp-block-image\"><img decoding=\"async\" src=\"https:\/\/s2-g1.glbimg.com\/BEY-Gn8JZ5WiLTlZBpwxExFhOpg=\/0x0:800x532\/984x0\/smart\/filters:strip_icc()\/i.s3.glbimg.com\/v1\/AUTH_59edd422c0c84a879bd37670ae4f538a\/internal_photos\/bs\/2025\/f\/E\/xd9m1dQwqyVAssojkWmA\/thumbnail-image004-18-.png\" alt=\"Imigrante brasileiro deportado dos EUA chega ao aeroporto de Belo Horizonte, em 25 de janeiro. \u2014 Foto: Reuters via BBC\"\/><\/figure>\n\n\n\n<p>Imigrante brasileiro deportado dos EUA chega ao aeroporto de Belo Horizonte, em 25 de janeiro. \u2014 Foto: Reuters via BBC<\/p>\n\n\n\n<p>&#8220;<strong>A gente tem ouvido falar que ser\u00e3o 100 dias de puro terror<\/strong>, que Trump vai mostrar a for\u00e7a que ele tem e fazer o que prometeu, que \u00e9 a deporta\u00e7\u00e3o&#8221;, completa o influenciador.<\/p>\n\n\n\n<p>O mesmo prazo \u00e9 citado por Ricardo: &#8220;Depois de uns 100 dias, a vida vai voltar a ter mais normalidade&#8221;.<\/p>\n\n\n\n<p>Para Igor*, de Utah, est\u00e1 havendo um certo p\u00e2nico desmedido em rela\u00e7\u00e3o a tais batidas da migra\u00e7\u00e3o. &#8220;Ficam o tempo todo no grupo de zap dizendo que o ICE [Servi\u00e7o de Imigra\u00e7\u00e3o e Alf\u00e2ndega] est\u00e1 aqui, que o ICE est\u00e1 ali. Bobagem&#8221;, diz ele.<\/p>\n\n\n\n<p>Outros brasileiros com quem a BBC News Brasil conversou relatam que os grupos de WhatsApp est\u00e3o fervilhando com v\u00eddeos de supostas blitzes policiais para pegar imigrantes \u2014 o que muitas vezes n\u00e3o se confirma.<\/p>\n\n\n\n<p>&#8220;Para mim, n\u00e3o mudou nada desde a chegada do Trump, est\u00e1 tudo igual. Ali\u00e1s, acho at\u00e9 que estou trabalhando mais. E a gente \u00e9 imigrante e escolheu viver aqui, tem que respeitar as decis\u00f5es deles&#8221;, diz o brasileiro Igor, que atualmente tenta regularizar seu status migrat\u00f3rio.<\/p>\n\n\n\n<p>Os debates acalorados entre grupos de brasileiros colocam em lados distintos aqueles que est\u00e3o com medo e outros que falam que &#8220;isso sempre existiu&#8221;, numa refer\u00eancia aos n\u00fameros de deporta\u00e7\u00e3o no governo democrata de Barack Obama, maiores que no primeiro mandato de Trump, por exemplo.<\/p>\n\n\n\n<p>&#8220;Mas se isso j\u00e1 acontece sem o presidente falar que vai fazer, imagina com um falando que vai&#8221;, resume Ricardo.<\/p>\n\n\n\n<p><strong><em>Fonte: G1<\/em><\/strong><\/p>\n","protected":false},"excerpt":{"rendered":"<p>S\u00e3o pessoas que mudaram a rotina, passaram a evitar sair de casa e at\u00e9 cogitam voltar o mais r\u00e1pido poss\u00edvel<\/p>\n","protected":false},"author":1,"featured_media":9348,"comment_status":"open","ping_status":"open","sticky":false,"template":"","format":"standard","meta":{"footnotes":""},"categories":[2],"tags":[],"class_list":["post-9347","post","type-post","status-publish","format-standard","has-post-thumbnail","hentry","category-noticias"],"_links":{"self":[{"href":"https:\/\/jornaloalvorada.com.br\/site\/wp-json\/wp\/v2\/posts\/9347","targetHints":{"allow":["GET"]}}],"collection":[{"href":"https:\/\/jornaloalvorada.com.br\/site\/wp-json\/wp\/v2\/posts"}],"about":[{"href":"https:\/\/jornaloalvorada.com.br\/site\/wp-json\/wp\/v2\/types\/post"}],"author":[{"embeddable":true,"href":"https:\/\/jornaloalvorada.com.br\/site\/wp-json\/wp\/v2\/users\/1"}],"replies":[{"embeddable":true,"href":"https:\/\/jornaloalvorada.com.br\/site\/wp-json\/wp\/v2\/comments?post=9347"}],"version-history":[{"count":1,"href":"https:\/\/jornaloalvorada.com.br\/site\/wp-json\/wp\/v2\/posts\/9347\/revisions"}],"predecessor-version":[{"id":9349,"href":"https:\/\/jornaloalvorada.com.br\/site\/wp-json\/wp\/v2\/posts\/9347\/revisions\/9349"}],"wp:featuredmedia":[{"embeddable":true,"href":"https:\/\/jornaloalvorada.com.br\/site\/wp-json\/wp\/v2\/media\/9348"}],"wp:attachment":[{"href":"https:\/\/jornaloalvorada.com.br\/site\/wp-json\/wp\/v2\/media?parent=9347"}],"wp:term":[{"taxonomy":"category","embeddable":true,"href":"https:\/\/jornaloalvorada.com.br\/site\/wp-json\/wp\/v2\/categories?post=9347"},{"taxonomy":"post_tag","embeddable":true,"href":"https:\/\/jornaloalvorada.com.br\/site\/wp-json\/wp\/v2\/tags?post=9347"}],"curies":[{"name":"wp","href":"https:\/\/api.w.org\/{rel}","templated":true}]}}