{"id":9322,"date":"2025-01-28T14:10:39","date_gmt":"2025-01-28T18:10:39","guid":{"rendered":"https:\/\/jornaloalvorada.com.br\/site\/?p=9322"},"modified":"2025-01-28T14:10:41","modified_gmt":"2025-01-28T18:10:41","slug":"presidente-do-santos-anuncia-retorno-de-neymar-vem-ser-feliz-de-novo","status":"publish","type":"post","link":"https:\/\/jornaloalvorada.com.br\/site\/2025\/01\/28\/presidente-do-santos-anuncia-retorno-de-neymar-vem-ser-feliz-de-novo\/","title":{"rendered":"Presidente do Santos anuncia retorno de Neymar: \u201cVem ser feliz de novo\u201d"},"content":{"rendered":"\n<p>Neymar Jr. \u00e9 do Santos. O astro brasileiro foi anunciado oficialmente como refor\u00e7o do Peixe nesta ter\u00e7a-feira (28), atrav\u00e9s de publica\u00e7\u00e3o do presidente do clube, Marcelo Teixeira. O an\u00fancio nos canais de comunica\u00e7\u00e3o do Santos ainda n\u00e3o foi realizado.<\/p>\n\n\n\n<p>O acordo celebra um trabalho de meses da diretoria do Peixe em busca de repatriar o craque brasileiro. As negocia\u00e7\u00f5es tinham o aceite do jogador desde o come\u00e7o de janeiro, mas ainda demandavam a libera\u00e7\u00e3o do Al-Hilal, da Ar\u00e1bia Saudita, clube que det\u00e9m os direitos econ\u00f4micos do atleta.<\/p>\n\n\n\n<p>Nessa segunda-feira (27), o <a href=\"https:\/\/www.cnnbrasil.com.br\/esportes\/futebol\/santos\/neymar-se-despede-do-al-hilal-e-diz-queria-ter-vivido-momentos-melhores\/\">Al-Hilal anunciou a rescis\u00e3o de contrato com Neymar<\/a>. O v\u00ednculo era v\u00e1lido at\u00e9 o fim da temporada 2024\/2025. \u201cObrigado, Neymar, e boa sorte\u201d, escreveu o clube, nas redes sociais, ao se despedir do jogador.<\/p>\n\n\n\n<p>J\u00e1 nesta ter\u00e7a, antes de ser anunciado pelo <a href=\"https:\/\/www.cnnbrasil.com.br\/esportes\/futebol\/santos\/veja-video-narrado-por-pele-que-ajudou-santos-a-convencer-neymar\/\">Santos<\/a>, Neymar se despediu do clube saudita. \u201cA todos do Al-Hilal, aos torcedores, obrigado!! Eu dei tudo para jogar e gostaria que tiv\u00e9ssemos aproveitado mais tempo em campo juntos\u201d, iniciou.<\/p>\n\n\n\n<p>\u201cAos sauditas, obrigado por darem a mim e minha fam\u00edlia uma nova casa e novas experi\u00eancias. Conhe\u00e7o agora os verdadeiros sauditas e amigos para sempre. Sempre sinto seu amor e a paix\u00e3o pelo jogo, seguirei acompanhando a jornada desse clube e do pa\u00eds rumo a 2034. O futuro de voc\u00eas \u00e9 incr\u00edvel, coisas boas est\u00e3o por vir, e estarei sempre na torcida!!!\u201d, completou.<\/p>\n\n\n\n<h3 class=\"wp-block-heading\">Neymar no Santos<\/h3>\n\n\n\n<p>Pelo Santos, <a href=\"https:\/\/www.cnnbrasil.com.br\/esportes\/futebol\/santos\/neymar-encabeca-lista-de-estrelas-da-serie-a-em-2025\/\">Neymar<\/a> disputou 225 partidas entre 2009 e 2013. Foram 136 gols, 64 assist\u00eancias e seis t\u00edtulos com a camisa alvinegra: tr\u00eas do Paulist\u00e3o (2010, 2011 e 2012), um da Copa do Brasil (2010), um da Copa Libertadores (2011) e um da Recopa Sul-Americana (2012).<\/p>\n\n\n\n<p>O hist\u00f3rico camisa 11 do Peixe retorna ao clube que o formou visando recuperar as condi\u00e7\u00f5es f\u00edsicas para retornar \u00e0 Sele\u00e7\u00e3o Brasileira. A \u00faltima partida de Neymar pelo Brasil ocorreu no final de 2023, quando teve uma les\u00e3o ligamentar no joelho.<\/p>\n\n\n\n<p>No Santos, o jogador suprir\u00e1 uma das nove vagas restantes na Lista A do Campeonato Paulista. O jogador anima o t\u00e9cnico portugu\u00eas Pedro Caixinha, que tem utilizado Guilherme, Soteldo e Lucas Braga como alternativas para a beirada do campo.<\/p>\n\n\n\n<p>O \u00faltimo jogo de Neymar foi em 4 de novembro, pelo Al-Hilal. Desde ent\u00e3o, ele est\u00e1 em fase final de recupera\u00e7\u00e3o de uma ruptura no tend\u00e3o da coxa.<\/p>\n\n\n\n<p><strong><em>Fonte: CNN Brasil<\/em><\/strong><\/p>\n\n\n\n<p><\/p>\n","protected":false},"excerpt":{"rendered":"<p>Neymar Jr. \u00e9 do Santos. O astro brasileiro foi anunciado oficialmente como refor\u00e7o do Peixe nesta ter\u00e7a-feira (28), atrav\u00e9s de<\/p>\n","protected":false},"author":1,"featured_media":9323,"comment_status":"open","ping_status":"open","sticky":false,"template":"","format":"standard","meta":{"footnotes":""},"categories":[2],"tags":[],"class_list":["post-9322","post","type-post","status-publish","format-standard","has-post-thumbnail","hentry","category-noticias"],"_links":{"self":[{"href":"https:\/\/jornaloalvorada.com.br\/site\/wp-json\/wp\/v2\/posts\/9322","targetHints":{"allow":["GET"]}}],"collection":[{"href":"https:\/\/jornaloalvorada.com.br\/site\/wp-json\/wp\/v2\/posts"}],"about":[{"href":"https:\/\/jornaloalvorada.com.br\/site\/wp-json\/wp\/v2\/types\/post"}],"author":[{"embeddable":true,"href":"https:\/\/jornaloalvorada.com.br\/site\/wp-json\/wp\/v2\/users\/1"}],"replies":[{"embeddable":true,"href":"https:\/\/jornaloalvorada.com.br\/site\/wp-json\/wp\/v2\/comments?post=9322"}],"version-history":[{"count":1,"href":"https:\/\/jornaloalvorada.com.br\/site\/wp-json\/wp\/v2\/posts\/9322\/revisions"}],"predecessor-version":[{"id":9324,"href":"https:\/\/jornaloalvorada.com.br\/site\/wp-json\/wp\/v2\/posts\/9322\/revisions\/9324"}],"wp:featuredmedia":[{"embeddable":true,"href":"https:\/\/jornaloalvorada.com.br\/site\/wp-json\/wp\/v2\/media\/9323"}],"wp:attachment":[{"href":"https:\/\/jornaloalvorada.com.br\/site\/wp-json\/wp\/v2\/media?parent=9322"}],"wp:term":[{"taxonomy":"category","embeddable":true,"href":"https:\/\/jornaloalvorada.com.br\/site\/wp-json\/wp\/v2\/categories?post=9322"},{"taxonomy":"post_tag","embeddable":true,"href":"https:\/\/jornaloalvorada.com.br\/site\/wp-json\/wp\/v2\/tags?post=9322"}],"curies":[{"name":"wp","href":"https:\/\/api.w.org\/{rel}","templated":true}]}}