{"id":9318,"date":"2025-01-28T10:57:07","date_gmt":"2025-01-28T14:57:07","guid":{"rendered":"https:\/\/jornaloalvorada.com.br\/site\/?p=9318"},"modified":"2025-01-28T15:55:45","modified_gmt":"2025-01-28T19:55:45","slug":"prefeitura-municipal-e-detran-ms-convida-toda-a-populacao-para-participar-de-acao-de-regularizacao-de-documentos","status":"publish","type":"post","link":"https:\/\/jornaloalvorada.com.br\/site\/2025\/01\/28\/prefeitura-municipal-e-detran-ms-convida-toda-a-populacao-para-participar-de-acao-de-regularizacao-de-documentos\/","title":{"rendered":"Prefeitura Municipal e Detran-MS, convida toda a popula\u00e7\u00e3o para participar de a\u00e7\u00e3o de regulariza\u00e7\u00e3o de documentos"},"content":{"rendered":"\n<p>Aten\u00e7\u00e3o, Distrito Pana!<\/p>\n\n\n\n<p>A Prefeitura Municipal, em parceria com o Detran-MS, convida toda a popula\u00e7\u00e3o para participar de uma importante a\u00e7\u00e3o de regulariza\u00e7\u00e3o de documentos, incluindo servi\u00e7os relacionados a ve\u00edculos e CNH.<\/p>\n\n\n\n<figure class=\"wp-block-image size-full\"><img loading=\"lazy\" decoding=\"async\" width=\"1145\" height=\"1600\" src=\"https:\/\/jornaloalvorada.com.br\/site\/wp-content\/uploads\/2025\/01\/pana-detran.jpg\" alt=\"\" class=\"wp-image-9319\" srcset=\"https:\/\/jornaloalvorada.com.br\/site\/wp-content\/uploads\/2025\/01\/pana-detran.jpg 1145w, https:\/\/jornaloalvorada.com.br\/site\/wp-content\/uploads\/2025\/01\/pana-detran-215x300.jpg 215w, https:\/\/jornaloalvorada.com.br\/site\/wp-content\/uploads\/2025\/01\/pana-detran-733x1024.jpg 733w, https:\/\/jornaloalvorada.com.br\/site\/wp-content\/uploads\/2025\/01\/pana-detran-768x1073.jpg 768w, https:\/\/jornaloalvorada.com.br\/site\/wp-content\/uploads\/2025\/01\/pana-detran-1099x1536.jpg 1099w\" sizes=\"auto, (max-width: 1145px) 100vw, 1145px\" \/><\/figure>\n\n\n\n<p><img loading=\"lazy\" decoding=\"async\" height=\"16\" width=\"16\" alt=\"\ud83d\udcc5\" src=\"https:\/\/static.xx.fbcdn.net\/images\/emoji.php\/v9\/t7e\/1\/16\/1f4c5.png\"> Data: 06 de fevereiro<\/p>\n\n\n\n<p><img loading=\"lazy\" decoding=\"async\" height=\"16\" width=\"16\" alt=\"\u23f0\" src=\"https:\/\/static.xx.fbcdn.net\/images\/emoji.php\/v9\/t34\/1\/16\/23f0.png\"> Hor\u00e1rio: A partir das 9h<\/p>\n\n\n\n<p><img loading=\"lazy\" decoding=\"async\" height=\"16\" width=\"16\" alt=\"\ud83d\udccd\" src=\"https:\/\/static.xx.fbcdn.net\/images\/emoji.php\/v9\/t2d\/1\/16\/1f4cd.png\"> Local: Escola Rosalvo da Rocha Rodrigues<\/p>\n\n\n\n<p>Essa \u00e9 a oportunidade ideal para colocar sua documenta\u00e7\u00e3o em dia com praticidade e agilidade. N\u00e3o perca.<\/p>\n","protected":false},"excerpt":{"rendered":"<p>Aten\u00e7\u00e3o, Distrito Pana! A Prefeitura Municipal, em parceria com o Detran-MS, convida toda a popula\u00e7\u00e3o para participar de uma importante<\/p>\n","protected":false},"author":1,"featured_media":9320,"comment_status":"open","ping_status":"open","sticky":false,"template":"","format":"standard","meta":{"footnotes":""},"categories":[2],"tags":[],"class_list":["post-9318","post","type-post","status-publish","format-standard","has-post-thumbnail","hentry","category-noticias"],"_links":{"self":[{"href":"https:\/\/jornaloalvorada.com.br\/site\/wp-json\/wp\/v2\/posts\/9318","targetHints":{"allow":["GET"]}}],"collection":[{"href":"https:\/\/jornaloalvorada.com.br\/site\/wp-json\/wp\/v2\/posts"}],"about":[{"href":"https:\/\/jornaloalvorada.com.br\/site\/wp-json\/wp\/v2\/types\/post"}],"author":[{"embeddable":true,"href":"https:\/\/jornaloalvorada.com.br\/site\/wp-json\/wp\/v2\/users\/1"}],"replies":[{"embeddable":true,"href":"https:\/\/jornaloalvorada.com.br\/site\/wp-json\/wp\/v2\/comments?post=9318"}],"version-history":[{"count":1,"href":"https:\/\/jornaloalvorada.com.br\/site\/wp-json\/wp\/v2\/posts\/9318\/revisions"}],"predecessor-version":[{"id":9321,"href":"https:\/\/jornaloalvorada.com.br\/site\/wp-json\/wp\/v2\/posts\/9318\/revisions\/9321"}],"wp:featuredmedia":[{"embeddable":true,"href":"https:\/\/jornaloalvorada.com.br\/site\/wp-json\/wp\/v2\/media\/9320"}],"wp:attachment":[{"href":"https:\/\/jornaloalvorada.com.br\/site\/wp-json\/wp\/v2\/media?parent=9318"}],"wp:term":[{"taxonomy":"category","embeddable":true,"href":"https:\/\/jornaloalvorada.com.br\/site\/wp-json\/wp\/v2\/categories?post=9318"},{"taxonomy":"post_tag","embeddable":true,"href":"https:\/\/jornaloalvorada.com.br\/site\/wp-json\/wp\/v2\/tags?post=9318"}],"curies":[{"name":"wp","href":"https:\/\/api.w.org\/{rel}","templated":true}]}}