{"id":9270,"date":"2025-01-24T08:54:11","date_gmt":"2025-01-24T12:54:11","guid":{"rendered":"https:\/\/jornaloalvorada.com.br\/site\/?p=9270"},"modified":"2025-01-24T08:54:13","modified_gmt":"2025-01-24T12:54:13","slug":"oportunidade-leilao-do-detran-ms-tem-ate-carro-da-marca-jaguar-na-categoria-circulacao","status":"publish","type":"post","link":"https:\/\/jornaloalvorada.com.br\/site\/2025\/01\/24\/oportunidade-leilao-do-detran-ms-tem-ate-carro-da-marca-jaguar-na-categoria-circulacao\/","title":{"rendered":"Oportunidade: leil\u00e3o do Detran-MS tem at\u00e9 carro da marca Jaguar na categoria circula\u00e7\u00e3o"},"content":{"rendered":"\n<p>O Detran-MS (Departamento Estadual de Tr\u00e2nsito) iniciou mais um leil\u00e3o de ve\u00edculos de circula\u00e7\u00e3o, sucata aproveit\u00e1vel e sucata inserv\u00edvel. O in\u00edcio aconteceu ontem (23), \u00e0s 8h (hor\u00e1rio de Mato Grosso do Sul), e vai se encerrar no dia 7 de fevereiro \u00e0s 8h (hor\u00e1rio de MS), sob a responsabilidade do leiloeiro Rodrigo Schmitz.<\/p>\n\n\n\n<p>Os lances podem ser ofertados pelo site <a href=\"http:\/\/www.hammer.lel.br\">www.hammer.lel.br<\/a> e a visita aos lotes v\u00e3o acontecer nos dias 4, 5 e 6 de fevereiro no p\u00e1tio da AutoTran, que fica localizado na avenida Gerval Bernardino de Souza, n\u00ba 644, no bairro Rita Vieira. As visitas ocorrem das 8h \u00e0s 11h e das 13h30 \u00e0s 16h30.<\/p>\n\n\n<div class=\"wp-block-image\">\n<figure class=\"alignleft\"><img decoding=\"async\" src=\"https:\/\/agenciadenoticias.ms.gov.br\/wp-content\/uploads\/2025\/01\/lote-40-leilao-789-300x225.jpg\" alt=\"\" class=\"wp-image-501309\"\/><\/figure>\n<\/div>\n\n\n<p>Para os ve\u00edculos de circula\u00e7\u00e3o os lances s\u00e3o abertos a todas as pessoas, sejam elas f\u00edsicas ou jur\u00eddicas, est\u00e3o dispon\u00edveis 97 lotes sendo 81 motocicletas e 16 autom\u00f3veis. O destaque nos ve\u00edculos \u00e9 um Jaguar XFR 5.0 V8 SC 2015\/2015 na cor cinza com lance inicial de R$ 92.625 e uma Honda Biz 125 2023\/2024 na cor branca com lance inicial de R$ 3.897.<\/p>\n\n\n\n<p>Em sucatas aproveit\u00e1veis podem ofertar lances apenas pessoas jur\u00eddicas e precisam estar devidamente credenciadas em qualquer Detran do pa\u00eds. S\u00e3o ofertados 34 lotes, sendo 56 motocicletas e 22 autom\u00f3veis.<\/p>\n\n\n\n<p>J\u00e1 nas sucatas inserv\u00edveis apenas pessoas jur\u00eddicas que operem no ramo de siderurgia, de fundi\u00e7\u00e3o ou de reciclagem credenciadas no Detran-MS podem fazer lances e conta com 01 lote contendo 158 motocicletas e 13 autom\u00f3veis com aproximadamente 25.900 kg de material ferroso.<\/p>\n\n\n\n<p><em><strong>Rodrigo Maia, Comunica\u00e7\u00e3o Detran-MS<\/strong><\/em><\/p>\n","protected":false},"excerpt":{"rendered":"<p>O Detran-MS (Departamento Estadual de Tr\u00e2nsito) iniciou mais um leil\u00e3o de ve\u00edculos de circula\u00e7\u00e3o, sucata aproveit\u00e1vel e sucata inserv\u00edvel. O<\/p>\n","protected":false},"author":1,"featured_media":9271,"comment_status":"open","ping_status":"open","sticky":false,"template":"","format":"standard","meta":{"footnotes":""},"categories":[2],"tags":[],"class_list":["post-9270","post","type-post","status-publish","format-standard","has-post-thumbnail","hentry","category-noticias"],"_links":{"self":[{"href":"https:\/\/jornaloalvorada.com.br\/site\/wp-json\/wp\/v2\/posts\/9270","targetHints":{"allow":["GET"]}}],"collection":[{"href":"https:\/\/jornaloalvorada.com.br\/site\/wp-json\/wp\/v2\/posts"}],"about":[{"href":"https:\/\/jornaloalvorada.com.br\/site\/wp-json\/wp\/v2\/types\/post"}],"author":[{"embeddable":true,"href":"https:\/\/jornaloalvorada.com.br\/site\/wp-json\/wp\/v2\/users\/1"}],"replies":[{"embeddable":true,"href":"https:\/\/jornaloalvorada.com.br\/site\/wp-json\/wp\/v2\/comments?post=9270"}],"version-history":[{"count":1,"href":"https:\/\/jornaloalvorada.com.br\/site\/wp-json\/wp\/v2\/posts\/9270\/revisions"}],"predecessor-version":[{"id":9272,"href":"https:\/\/jornaloalvorada.com.br\/site\/wp-json\/wp\/v2\/posts\/9270\/revisions\/9272"}],"wp:featuredmedia":[{"embeddable":true,"href":"https:\/\/jornaloalvorada.com.br\/site\/wp-json\/wp\/v2\/media\/9271"}],"wp:attachment":[{"href":"https:\/\/jornaloalvorada.com.br\/site\/wp-json\/wp\/v2\/media?parent=9270"}],"wp:term":[{"taxonomy":"category","embeddable":true,"href":"https:\/\/jornaloalvorada.com.br\/site\/wp-json\/wp\/v2\/categories?post=9270"},{"taxonomy":"post_tag","embeddable":true,"href":"https:\/\/jornaloalvorada.com.br\/site\/wp-json\/wp\/v2\/tags?post=9270"}],"curies":[{"name":"wp","href":"https:\/\/api.w.org\/{rel}","templated":true}]}}