{"id":9267,"date":"2025-01-24T08:50:27","date_gmt":"2025-01-24T12:50:27","guid":{"rendered":"https:\/\/jornaloalvorada.com.br\/site\/?p=9267"},"modified":"2025-01-24T08:50:30","modified_gmt":"2025-01-24T12:50:30","slug":"homem-mais-velho-do-mundo-recebe-aposentadoria-do-inss-ha-46-anos","status":"publish","type":"post","link":"https:\/\/jornaloalvorada.com.br\/site\/2025\/01\/24\/homem-mais-velho-do-mundo-recebe-aposentadoria-do-inss-ha-46-anos\/","title":{"rendered":"Homem mais velho do mundo recebe aposentadoria do INSS h\u00e1 46 anos"},"content":{"rendered":"\n<p>O cearense Jo\u00e3o Marinho Neto, o <strong>homem mais velho do mundo<\/strong> com 112 anos, recebe aposentadoria h\u00e1 46 anos, de acordo com dados do <strong>Instituto Nacional do Seguro Social (INSS)<\/strong> divulgados nesta quinta-feira (23).<\/p>\n\n\n\n<p>Segundo o LongeviQuest, usado pelo Guinness, o brasileiro completou 112 anos em novembro do ano passado. Anteriormente, ele era reconhecido como o homem vivo mais velho do Brasil e da Am\u00e9rica Latina.<\/p>\n\n\n\n<p>Al\u00e9m disso, Jo\u00e3o \u00e9 o <strong>\u00faltimo homem sobrevivente nascido no ano de 1912<\/strong> e reside em Apuiar\u00e9s (CE), a cerca de 250 km de Fortaleza.<\/p>\n\n\n\n<p>Jo\u00e3o nasceu em 5 de outubro de 1912, em Maranguape (CE). Desde 1978, recebe o benef\u00edcio de <strong>aposentadoria<\/strong> de empregador rural, atividade principal do dono do recorde mundial de longevidade.<\/p>\n\n\n\n<p>Jo\u00e3o passou a receber o benef\u00edcio aos 66 anos.<\/p>\n\n\n\n<p>Atualmente, o recordista mora em um lar de idosos em uma cidade que n\u00e3o possui ag\u00eancia da Previd\u00eancia Social devido ao baixo n\u00famero de habitantes. A unidade mais pr\u00f3xima fica em Pentecostes (CE), a cerca de 30 km, onde \u00e9 mantida a aposentadoria de Jo\u00e3o.<\/p>\n\n\n\n<h2 class=\"wp-block-heading\">Benefici\u00e1rios n\u00e3o precisam fazer prova de vida<\/h2>\n\n\n\n<p>O <strong>INSS&nbsp;<\/strong>n\u00e3o vai suspender&nbsp;benef\u00edcios pagos a aposentados e pensionistas que&nbsp;n\u00e3o fizerem a <strong>prova de vida<\/strong>.<\/p>\n\n\n\n<p>Uma portaria, assinada pelo Minist\u00e9rio da Previd\u00eancia (MPS), publicada no Di\u00e1rio Oficial da Uni\u00e3o (DOU) na \u00faltima sexta-feira (17), pontua que <strong>nenhum benef\u00edcio seja bloqueado por seis meses<\/strong>, prorrog\u00e1veis por igual per\u00edodo.<\/p>\n\n\n\n<p>Segundo a institui\u00e7\u00e3o, a prova de vida \u00e9 realizada anualmente pelo pr\u00f3prio INSS desde 2023 e n\u00e3o \u00e9 mais necess\u00e1rio que os benefici\u00e1rios fa\u00e7am o procedimento indo pessoalmente aos postos de atendimento.<\/p>\n\n\n\n<p>O \u00f3rg\u00e3o utiliza consulta de&nbsp;dados recebidos de outras institui\u00e7\u00f5es p\u00fablicas federais&nbsp;para realizar cruzamento de informa\u00e7\u00f5es dos cidad\u00e3os e comprovar se est\u00e3o ou n\u00e3o vivos.<\/p>\n\n\n\n<p>At\u00e9 o momento, cerca de&nbsp;93% dos dados foram checados.<\/p>\n\n\n\n<p><strong><em>Fonte: CNN Brasil<\/em><\/strong><\/p>\n\n\n\n<p><\/p>\n","protected":false},"excerpt":{"rendered":"<p>O cearense Jo\u00e3o Marinho Neto, o homem mais velho do mundo com 112 anos, recebe aposentadoria h\u00e1 46 anos, de<\/p>\n","protected":false},"author":1,"featured_media":9268,"comment_status":"open","ping_status":"open","sticky":false,"template":"","format":"standard","meta":{"footnotes":""},"categories":[2],"tags":[],"class_list":["post-9267","post","type-post","status-publish","format-standard","has-post-thumbnail","hentry","category-noticias"],"_links":{"self":[{"href":"https:\/\/jornaloalvorada.com.br\/site\/wp-json\/wp\/v2\/posts\/9267","targetHints":{"allow":["GET"]}}],"collection":[{"href":"https:\/\/jornaloalvorada.com.br\/site\/wp-json\/wp\/v2\/posts"}],"about":[{"href":"https:\/\/jornaloalvorada.com.br\/site\/wp-json\/wp\/v2\/types\/post"}],"author":[{"embeddable":true,"href":"https:\/\/jornaloalvorada.com.br\/site\/wp-json\/wp\/v2\/users\/1"}],"replies":[{"embeddable":true,"href":"https:\/\/jornaloalvorada.com.br\/site\/wp-json\/wp\/v2\/comments?post=9267"}],"version-history":[{"count":1,"href":"https:\/\/jornaloalvorada.com.br\/site\/wp-json\/wp\/v2\/posts\/9267\/revisions"}],"predecessor-version":[{"id":9269,"href":"https:\/\/jornaloalvorada.com.br\/site\/wp-json\/wp\/v2\/posts\/9267\/revisions\/9269"}],"wp:featuredmedia":[{"embeddable":true,"href":"https:\/\/jornaloalvorada.com.br\/site\/wp-json\/wp\/v2\/media\/9268"}],"wp:attachment":[{"href":"https:\/\/jornaloalvorada.com.br\/site\/wp-json\/wp\/v2\/media?parent=9267"}],"wp:term":[{"taxonomy":"category","embeddable":true,"href":"https:\/\/jornaloalvorada.com.br\/site\/wp-json\/wp\/v2\/categories?post=9267"},{"taxonomy":"post_tag","embeddable":true,"href":"https:\/\/jornaloalvorada.com.br\/site\/wp-json\/wp\/v2\/tags?post=9267"}],"curies":[{"name":"wp","href":"https:\/\/api.w.org\/{rel}","templated":true}]}}