{"id":9248,"date":"2025-01-21T13:52:25","date_gmt":"2025-01-21T17:52:25","guid":{"rendered":"https:\/\/jornaloalvorada.com.br\/site\/?p=9248"},"modified":"2025-01-21T13:52:27","modified_gmt":"2025-01-21T17:52:27","slug":"confira-cidade-dos-vereadores-de-ms-que-tiveram-bolsa-familia-cortado-pelo-governo-federal","status":"publish","type":"post","link":"https:\/\/jornaloalvorada.com.br\/site\/2025\/01\/21\/confira-cidade-dos-vereadores-de-ms-que-tiveram-bolsa-familia-cortado-pelo-governo-federal\/","title":{"rendered":"Confira cidade dos vereadores de MS que tiveram Bolsa Fam\u00edlia cortado pelo Governo Federal"},"content":{"rendered":"\n<p>Vereadores eleitos em Mato Grosso do Sul tiveram o Bolsa Fam\u00edlia cortado pelo Governo Federal. Seis parlamentares eleitos no pleito de 2024 perderam o benef\u00edcio concedido pela Uni\u00e3o.<\/p>\n\n\n\n<p>O Minist\u00e9rio do Desenvolvimento e Assist\u00eancia Social, Fam\u00edlia e Combate \u00e0 Fome, <a href=\"https:\/\/midiamax.uol.com.br\/politica\/2025\/governo-federal-cancela-bolsa-familia-de-seis-candidatos-eleitos-em-mato-grosso-do-sul\/\">cancelou o pagamento do Bolsa Fam\u00edlia<\/a>&nbsp;para mais de 1,1 mil fam\u00edlias de pol\u00edticos eleitos em todo o Brasil. O cancelamento do benef\u00edcio para os agora pol\u00edticos eleitos consta em edi\u00e7\u00e3o do DOU (Di\u00e1rio Oficial da Uni\u00e3o).<\/p>\n\n\n\n<p>Ao&nbsp;<strong>Jornal Midiamax<\/strong>, a Pasta informou que os vereadores eleitos com benef\u00edcio suspenso em MS s\u00e3o todos do interior. Confira a lista informada:<\/p>\n\n\n\n<ul class=\"wp-block-list\">\n<li>Alcin\u00f3polis (MS) &#8211; 1 vereador (a)<\/li>\n\n\n\n<li>Bandeirantes (MS) &#8211; 1 vereador (a)<\/li>\n\n\n\n<li>Camapu\u00e3 (MS) &#8211; 1 vereador (a)<\/li>\n\n\n\n<li>Jate\u00ed (MS) &#8211; 1 vereador (a)<\/li>\n\n\n\n<li>Porto Murtinho (MS) &#8211; 1 vereador (a)<\/li>\n\n\n\n<li>Rio Verde de Mato Grosso (MS) &#8211; 1 vereador (a)<\/li>\n<\/ul>\n\n\n\n<h2 class=\"wp-block-heading\" id=\"h-monitoramento-dos-beneficios\">Monitoramento dos benef\u00edcios<\/h2>\n\n\n\n<p>Conforme a Uni\u00e3o, esses s\u00e3o processos de monitoramento realizados regularmente, &#8220;para assegurar a conformidade dos pagamentos de benef\u00edcios no cumprimento da legisla\u00e7\u00e3o do Programa&#8221;.<\/p>\n\n\n\n<p>Ainda conforme a diretora do Departamento de Benef\u00edcios da Senarc (Secretaria Nacional de Renda de Cidadania), Caroline Paranayba, entre as a\u00e7\u00f5es de monitoramento est\u00e1 a identifica\u00e7\u00e3o de fam\u00edlias que t\u00eam membros eleitos na esfera municipal, estadual ou federal.<\/p>\n\n\n\n<p>&#8220;A partir de estudos e cruzamentos de dados, s\u00e3o identificadas ocorr\u00eancias e adotadas a\u00e7\u00f5es de tratamento, na perspectiva de interromper o pagamento de benef\u00edcios e impedir a entrada das fam\u00edlias no Programa, quando estas ainda n\u00e3o s\u00e3o benefici\u00e1rias&#8221;, explica Caroline. &#8220;\u00c9 importante destacar, ainda, que essa medida visa colaborar para a destina\u00e7\u00e3o dos recursos e garantir que o Programa Bolsa Fam\u00edlia alcance as fam\u00edlias mais vulner\u00e1veis no pa\u00eds&#8221;, conclui.<\/p>\n\n\n\n<p>A diretora esclarece ainda que a defini\u00e7\u00e3o de agregado familiar \u00e9 feita no momento do cadastramento pela pr\u00f3pria fam\u00edlia. Essa defini\u00e7\u00e3o inclui todos os membros que residem no mesmo domic\u00edlio e compartilham rendas e\/ou despesas, conforme a legisla\u00e7\u00e3o do Cadastro \u00danico.<\/p>\n\n\n\n<p><strong><em>Fonte: Midia NAS<\/em><\/strong><\/p>\n","protected":false},"excerpt":{"rendered":"<p>Vereadores eleitos em Mato Grosso do Sul tiveram o Bolsa Fam\u00edlia cortado pelo Governo Federal. Seis parlamentares eleitos no pleito<\/p>\n","protected":false},"author":1,"featured_media":9249,"comment_status":"open","ping_status":"open","sticky":false,"template":"","format":"standard","meta":{"footnotes":""},"categories":[2],"tags":[],"class_list":["post-9248","post","type-post","status-publish","format-standard","has-post-thumbnail","hentry","category-noticias"],"_links":{"self":[{"href":"https:\/\/jornaloalvorada.com.br\/site\/wp-json\/wp\/v2\/posts\/9248","targetHints":{"allow":["GET"]}}],"collection":[{"href":"https:\/\/jornaloalvorada.com.br\/site\/wp-json\/wp\/v2\/posts"}],"about":[{"href":"https:\/\/jornaloalvorada.com.br\/site\/wp-json\/wp\/v2\/types\/post"}],"author":[{"embeddable":true,"href":"https:\/\/jornaloalvorada.com.br\/site\/wp-json\/wp\/v2\/users\/1"}],"replies":[{"embeddable":true,"href":"https:\/\/jornaloalvorada.com.br\/site\/wp-json\/wp\/v2\/comments?post=9248"}],"version-history":[{"count":1,"href":"https:\/\/jornaloalvorada.com.br\/site\/wp-json\/wp\/v2\/posts\/9248\/revisions"}],"predecessor-version":[{"id":9250,"href":"https:\/\/jornaloalvorada.com.br\/site\/wp-json\/wp\/v2\/posts\/9248\/revisions\/9250"}],"wp:featuredmedia":[{"embeddable":true,"href":"https:\/\/jornaloalvorada.com.br\/site\/wp-json\/wp\/v2\/media\/9249"}],"wp:attachment":[{"href":"https:\/\/jornaloalvorada.com.br\/site\/wp-json\/wp\/v2\/media?parent=9248"}],"wp:term":[{"taxonomy":"category","embeddable":true,"href":"https:\/\/jornaloalvorada.com.br\/site\/wp-json\/wp\/v2\/categories?post=9248"},{"taxonomy":"post_tag","embeddable":true,"href":"https:\/\/jornaloalvorada.com.br\/site\/wp-json\/wp\/v2\/tags?post=9248"}],"curies":[{"name":"wp","href":"https:\/\/api.w.org\/{rel}","templated":true}]}}