{"id":9153,"date":"2025-01-15T15:02:13","date_gmt":"2025-01-15T19:02:13","guid":{"rendered":"https:\/\/jornaloalvorada.com.br\/site\/?p=9153"},"modified":"2025-01-15T15:02:16","modified_gmt":"2025-01-15T19:02:16","slug":"nesta-quarta-feira-a-prefeitura-esta-intensificando-acoes-de-tapa-buraco-nas-avenidas-da-cidade","status":"publish","type":"post","link":"https:\/\/jornaloalvorada.com.br\/site\/2025\/01\/15\/nesta-quarta-feira-a-prefeitura-esta-intensificando-acoes-de-tapa-buraco-nas-avenidas-da-cidade\/","title":{"rendered":"Nesta quarta-feira a Prefeitura est\u00e1 intensificando a\u00e7\u00f5es de tapa-buraco nas avenidas da cidade"},"content":{"rendered":"\n<p>A prefeitura de Nova Alvorada do Sul intensificou nesta quarta-feira as a\u00e7\u00f5es de tapa-buraco nas avenidas da cidade.<\/p>\n\n\n\n<p>Os trabalhos de tapa-buraco visam dar melhor condi\u00e7\u00f5es de trafegabilidade e seguran\u00e7a aos mun\u00edcipes. Al\u00e9m da retirada de entulhos e lixos depositados nas vias p\u00fablicas<\/p>\n","protected":false},"excerpt":{"rendered":"<p>A prefeitura de Nova Alvorada do Sul intensificou nesta quarta-feira as a\u00e7\u00f5es de tapa-buraco nas avenidas da cidade. Os trabalhos<\/p>\n","protected":false},"author":1,"featured_media":9154,"comment_status":"open","ping_status":"open","sticky":false,"template":"","format":"standard","meta":{"footnotes":""},"categories":[2],"tags":[],"class_list":["post-9153","post","type-post","status-publish","format-standard","has-post-thumbnail","hentry","category-noticias"],"_links":{"self":[{"href":"https:\/\/jornaloalvorada.com.br\/site\/wp-json\/wp\/v2\/posts\/9153","targetHints":{"allow":["GET"]}}],"collection":[{"href":"https:\/\/jornaloalvorada.com.br\/site\/wp-json\/wp\/v2\/posts"}],"about":[{"href":"https:\/\/jornaloalvorada.com.br\/site\/wp-json\/wp\/v2\/types\/post"}],"author":[{"embeddable":true,"href":"https:\/\/jornaloalvorada.com.br\/site\/wp-json\/wp\/v2\/users\/1"}],"replies":[{"embeddable":true,"href":"https:\/\/jornaloalvorada.com.br\/site\/wp-json\/wp\/v2\/comments?post=9153"}],"version-history":[{"count":1,"href":"https:\/\/jornaloalvorada.com.br\/site\/wp-json\/wp\/v2\/posts\/9153\/revisions"}],"predecessor-version":[{"id":9155,"href":"https:\/\/jornaloalvorada.com.br\/site\/wp-json\/wp\/v2\/posts\/9153\/revisions\/9155"}],"wp:featuredmedia":[{"embeddable":true,"href":"https:\/\/jornaloalvorada.com.br\/site\/wp-json\/wp\/v2\/media\/9154"}],"wp:attachment":[{"href":"https:\/\/jornaloalvorada.com.br\/site\/wp-json\/wp\/v2\/media?parent=9153"}],"wp:term":[{"taxonomy":"category","embeddable":true,"href":"https:\/\/jornaloalvorada.com.br\/site\/wp-json\/wp\/v2\/categories?post=9153"},{"taxonomy":"post_tag","embeddable":true,"href":"https:\/\/jornaloalvorada.com.br\/site\/wp-json\/wp\/v2\/tags?post=9153"}],"curies":[{"name":"wp","href":"https:\/\/api.w.org\/{rel}","templated":true}]}}