{"id":9110,"date":"2025-01-13T08:56:03","date_gmt":"2025-01-13T12:56:03","guid":{"rendered":"https:\/\/jornaloalvorada.com.br\/site\/?p=9110"},"modified":"2025-01-13T08:56:05","modified_gmt":"2025-01-13T12:56:05","slug":"sem-marcal-bolsonaro-supera-lula-na-disputa-em-2026-diz-parana-pesquisas","status":"publish","type":"post","link":"https:\/\/jornaloalvorada.com.br\/site\/2025\/01\/13\/sem-marcal-bolsonaro-supera-lula-na-disputa-em-2026-diz-parana-pesquisas\/","title":{"rendered":"Sem Mar\u00e7al, Bolsonaro supera Lula na disputa em 2026, diz Paran\u00e1 Pesquisas"},"content":{"rendered":"\n<p>Em cen\u00e1rio sem a presen\u00e7a de Pablo Mar\u00e7al (PRTB), o ex-presidente Jair Bolsonaro (PL) supera o presidente Luiz In\u00e1cio Lula da Silva (PT) na disputa presencial de 2026 em n\u00fameros absolutos, segundo levantamento divulgado pelo instituto Paran\u00e1 Pesquisas nesta segunda-feira (13).<\/p>\n\n\n\n<p>Pela margem de erro, de <strong>2,2 pontos percentuais<\/strong>, h\u00e1 empate t\u00e9cnico entre Bolsonaro e Lula. Foram ouvidas<strong> 2.018<\/strong> pessoas entre os dias 7 e 10 de janeiro, e o n\u00edvel de confian\u00e7a \u00e9 de <strong>95%<\/strong>.<\/p>\n\n\n\n<p>Bolsonaro est\u00e1 ineleg\u00edvel at\u00e9 2030 por decis\u00e3o do Tribunal Superior Eleitoral (TSE), que entendeu que o ex-presidente cometeu abuso de poder pol\u00edtico e uso indevido dos meios de comunica\u00e7\u00e3o ao fazer uma reuni\u00e3o com embaixadores em julho de 2022 e atacar, sem provas, o sistema eleitoral.<\/p>\n\n\n\n<ul class=\"wp-block-list\">\n<li><strong>Jair Bolsonaro (PL):<\/strong> 37,3%<\/li>\n\n\n\n<li><strong>Lula (PT):<\/strong> 34,4%<\/li>\n\n\n\n<li><strong>Ciro Gomes (PDT):<\/strong> 11,7%<\/li>\n\n\n\n<li><strong>Ronaldo Caiado (Uni\u00e3o Brasil):<\/strong> 5,4%<\/li>\n\n\n\n<li><strong>Helder Barbalho (MDB):<\/strong> 1,4%<\/li>\n\n\n\n<li><strong>Nenhum\/Branco\/Nulo:<\/strong> 6,2%<\/li>\n\n\n\n<li><strong>N\u00e3o sabe\/N\u00e3o opinou:<\/strong> 3,6%<\/li>\n<\/ul>\n\n\n\n<p>Com o nome de Mar\u00e7al na disputa, Lula e Bolsonaro surgem empatados tecnicamente.<\/p>\n\n\n\n<h2 class=\"wp-block-heading\">Lula x Bolsonaro (com Mar\u00e7al)<\/h2>\n\n\n\n<ul class=\"wp-block-list\">\n<li><strong>Lula (PT):<\/strong> 34,0%<\/li>\n\n\n\n<li><strong>Jair Bolsonaro (PL):<\/strong> 33,9%<\/li>\n\n\n\n<li><strong>Ciro Gomes (PDT):<\/strong> 11,3%<\/li>\n\n\n\n<li><strong>Pablo Mar\u00e7al (PRTB):<\/strong> 6,1%<\/li>\n\n\n\n<li><strong>Ronaldo Caiado (Uni\u00e3o Brasil):<\/strong> 4,7%<\/li>\n\n\n\n<li><strong>Helder Barbalho (MDB):<\/strong> 1,2%<\/li>\n\n\n\n<li><strong>Nenhum\/Branco\/Nulo:<\/strong> 5,6%<\/li>\n\n\n\n<li><strong>N\u00e3o sabe\/N\u00e3o opinou:<\/strong> 3,3%<\/li>\n<\/ul>\n\n\n\n<p>J\u00e1 em cen\u00e1rio sem Bolsonaro, Lula vence a ex-primeira-dama Michelle Bolsonaro (PL).<\/p>\n\n\n\n<h2 class=\"wp-block-heading\">Lula x Michelle (com Mar\u00e7al)<\/h2>\n\n\n\n<ul class=\"wp-block-list\">\n<li><strong>Lula (PT):<\/strong> 34,5%<\/li>\n\n\n\n<li><strong>Michelle Bolsonaro (PL):<\/strong> 20,7%<\/li>\n\n\n\n<li><strong>Ciro Gomes (PDT):<\/strong> 12,9%<\/li>\n\n\n\n<li><strong>Pablo Mar\u00e7al (PRTB):<\/strong> 11,5%<\/li>\n\n\n\n<li><strong>Ronaldo Caiado (Uni\u00e3o Brasil):<\/strong> 6,6%<\/li>\n<\/ul>\n\n\n\n<p>Em um quarto cen\u00e1rio, sem as presen\u00e7as de Bolsonaro e Mar\u00e7al, Lula tamb\u00e9m derrota o governador de S\u00e3o Paulo, Tarc\u00edsio de Freitas (Republicanos).<\/p>\n\n\n\n<ul class=\"wp-block-list\">\n<li><strong>Lula (PT):<\/strong> 35,2%<\/li>\n\n\n\n<li><strong>Tarc\u00edsio de Freitas (Republicanos):<\/strong> 25,3%<\/li>\n\n\n\n<li><strong>Ciro Gomes (PDT):<\/strong> 15,2%<\/li>\n\n\n\n<li><strong>Ronaldo Caiado (Uni\u00e3o):<\/strong> 7,4%<\/li>\n\n\n\n<li><strong>Helder Barbalho (MDB):<\/strong> 1,8%<\/li>\n\n\n\n<li><strong>N\u00e3o sabe\/n\u00e3o opinou:<\/strong> 4,3%<\/li>\n\n\n\n<li><strong>Nenhum\/Branco\/Nulo:<\/strong> 10,9%<\/li>\n<\/ul>\n\n\n\n<h2 class=\"wp-block-heading\">Espont\u00e2nea<\/h2>\n\n\n\n<p>O instituto tamb\u00e9m avaliou um cen\u00e1rio espont\u00e2neo \u2013 quando n\u00e3o s\u00e3o apresentados os nomes dos candiatos aos eleitores. <strong>Veja os detalhes abaixo:<\/strong><\/p>\n\n\n\n<ul class=\"wp-block-list\">\n<li><strong>Lula (PT):<\/strong> 20,1%<\/li>\n\n\n\n<li><strong>Jair Bolsonaro (PL):<\/strong> 16,7%<\/li>\n\n\n\n<li><strong>Tarc\u00edsio de Freitas (Republicanos):<\/strong> 1,6%<\/li>\n\n\n\n<li><strong>Ciro Gomes (PDT):<\/strong> 1,2%<\/li>\n\n\n\n<li><strong>Pablo Mar\u00e7al (PRTB):<\/strong> 0,7%<\/li>\n\n\n\n<li><strong>Ronaldo Caiado (Uni\u00e3o Brasil):<\/strong> 0,5%<\/li>\n\n\n\n<li><strong>Eduardo Bolsonaro (PL):<\/strong> 0,4%<\/li>\n\n\n\n<li><strong>Gusttavo Lima (Sem partido):<\/strong> 0,4%<\/li>\n\n\n\n<li><strong>Michelle Bolsonaro (PL):<\/strong> 0,4%<\/li>\n\n\n\n<li><strong>Outros nomes citados:<\/strong> 1,2%<\/li>\n\n\n\n<li><strong>Ningu\u00e9m\/Branco\/Nulo:<\/strong> 6,8%<\/li>\n\n\n\n<li><strong>N\u00e3o sabe\/N\u00e3o opinou:<\/strong> 49,8%<\/li>\n<\/ul>\n\n\n\n<p><strong><em>Fonte: CNN Brasil<\/em><\/strong><\/p>\n","protected":false},"excerpt":{"rendered":"<p>Em cen\u00e1rio sem a presen\u00e7a de Pablo Mar\u00e7al (PRTB), o ex-presidente Jair Bolsonaro (PL) supera o presidente Luiz In\u00e1cio Lula<\/p>\n","protected":false},"author":1,"featured_media":4658,"comment_status":"open","ping_status":"open","sticky":false,"template":"","format":"standard","meta":{"footnotes":""},"categories":[2],"tags":[],"class_list":["post-9110","post","type-post","status-publish","format-standard","has-post-thumbnail","hentry","category-noticias"],"_links":{"self":[{"href":"https:\/\/jornaloalvorada.com.br\/site\/wp-json\/wp\/v2\/posts\/9110","targetHints":{"allow":["GET"]}}],"collection":[{"href":"https:\/\/jornaloalvorada.com.br\/site\/wp-json\/wp\/v2\/posts"}],"about":[{"href":"https:\/\/jornaloalvorada.com.br\/site\/wp-json\/wp\/v2\/types\/post"}],"author":[{"embeddable":true,"href":"https:\/\/jornaloalvorada.com.br\/site\/wp-json\/wp\/v2\/users\/1"}],"replies":[{"embeddable":true,"href":"https:\/\/jornaloalvorada.com.br\/site\/wp-json\/wp\/v2\/comments?post=9110"}],"version-history":[{"count":1,"href":"https:\/\/jornaloalvorada.com.br\/site\/wp-json\/wp\/v2\/posts\/9110\/revisions"}],"predecessor-version":[{"id":9111,"href":"https:\/\/jornaloalvorada.com.br\/site\/wp-json\/wp\/v2\/posts\/9110\/revisions\/9111"}],"wp:featuredmedia":[{"embeddable":true,"href":"https:\/\/jornaloalvorada.com.br\/site\/wp-json\/wp\/v2\/media\/4658"}],"wp:attachment":[{"href":"https:\/\/jornaloalvorada.com.br\/site\/wp-json\/wp\/v2\/media?parent=9110"}],"wp:term":[{"taxonomy":"category","embeddable":true,"href":"https:\/\/jornaloalvorada.com.br\/site\/wp-json\/wp\/v2\/categories?post=9110"},{"taxonomy":"post_tag","embeddable":true,"href":"https:\/\/jornaloalvorada.com.br\/site\/wp-json\/wp\/v2\/tags?post=9110"}],"curies":[{"name":"wp","href":"https:\/\/api.w.org\/{rel}","templated":true}]}}