{"id":9102,"date":"2025-01-10T08:26:00","date_gmt":"2025-01-10T12:26:00","guid":{"rendered":"https:\/\/jornaloalvorada.com.br\/site\/?p=9102"},"modified":"2025-01-10T13:26:39","modified_gmt":"2025-01-10T17:26:39","slug":"dengue-prevencao-e-a-melhor-solucao","status":"publish","type":"post","link":"https:\/\/jornaloalvorada.com.br\/site\/2025\/01\/10\/dengue-prevencao-e-a-melhor-solucao\/","title":{"rendered":"Dengue: Preven\u00e7\u00e3o \u00e9 a Melhor Solu\u00e7\u00e3o!"},"content":{"rendered":"\n<p>A Secretaria de sa\u00fade alerta a popula\u00e7\u00e3o sobre os perigos da dengue e refor\u00e7a a import\u00e2ncia da preven\u00e7\u00e3o.<\/p>\n\n\n\n<p>Como voc\u00ea pode ajudar a combater o mosquito Aedes aegypti?<\/p>\n\n\n\n<p><img loading=\"lazy\" decoding=\"async\" height=\"16\" width=\"16\" alt=\"\u2705\" src=\"https:\/\/z-p3-static.xx.fbcdn.net\/images\/emoji.php\/v9\/t33\/1\/16\/2705.png\"> Elimine \u00e1gua parada em pratos, garrafas, pneus e outros recipientes.<\/p>\n\n\n\n<p><img loading=\"lazy\" decoding=\"async\" height=\"16\" width=\"16\" alt=\"\u2705\" src=\"https:\/\/z-p3-static.xx.fbcdn.net\/images\/emoji.php\/v9\/t33\/1\/16\/2705.png\"> Mantenha caixas d&#8217;\u00e1gua e reservat\u00f3rios devidamente tampados.<\/p>\n\n\n\n<p><img loading=\"lazy\" decoding=\"async\" height=\"16\" width=\"16\" alt=\"\u2705\" src=\"https:\/\/z-p3-static.xx.fbcdn.net\/images\/emoji.php\/v9\/t33\/1\/16\/2705.png\"> Limpe calhas, ralos e outros locais que podem acumular \u00e1gua.<\/p>\n\n\n\n<p><img loading=\"lazy\" decoding=\"async\" height=\"16\" width=\"16\" alt=\"\u2705\" src=\"https:\/\/z-p3-static.xx.fbcdn.net\/images\/emoji.php\/v9\/t33\/1\/16\/2705.png\"> Fa\u00e7a vistorias regulares em casa e no quintal.<\/p>\n\n\n\n<p>Sintomas da Dengue:<\/p>\n\n\n\n<p><img loading=\"lazy\" decoding=\"async\" height=\"16\" width=\"16\" alt=\"\u26a0\ufe0f\" src=\"https:\/\/z-p3-static.xx.fbcdn.net\/images\/emoji.php\/v9\/tdc\/1\/16\/26a0.png\"> Febre alta<\/p>\n\n\n\n<p><img loading=\"lazy\" decoding=\"async\" height=\"16\" width=\"16\" alt=\"\u26a0\ufe0f\" src=\"https:\/\/z-p3-static.xx.fbcdn.net\/images\/emoji.php\/v9\/tdc\/1\/16\/26a0.png\"> Dores no corpo e articula\u00e7\u00f5es<\/p>\n\n\n\n<p><img loading=\"lazy\" decoding=\"async\" height=\"16\" width=\"16\" alt=\"\u26a0\ufe0f\" src=\"https:\/\/z-p3-static.xx.fbcdn.net\/images\/emoji.php\/v9\/tdc\/1\/16\/26a0.png\"> Manchas vermelhas na pele<\/p>\n\n\n\n<p><img loading=\"lazy\" decoding=\"async\" height=\"16\" width=\"16\" alt=\"\u26a0\ufe0f\" src=\"https:\/\/z-p3-static.xx.fbcdn.net\/images\/emoji.php\/v9\/tdc\/1\/16\/26a0.png\"> Dor de cabe\u00e7a e atr\u00e1s dos olhos<\/p>\n\n\n\n<p>Ao identificar os sintomas, procure imediatamente a unidade de sa\u00fade mais pr\u00f3xima. Sua a\u00e7\u00e3o pode salvar vidas! <img loading=\"lazy\" decoding=\"async\" height=\"16\" width=\"16\" alt=\"\ud83d\udcaa\" src=\"https:\/\/z-p3-static.xx.fbcdn.net\/images\/emoji.php\/v9\/t6c\/1\/16\/1f4aa.png\"><\/p>\n\n\n\n<p>Juntos, podemos combater a dengue! <img loading=\"lazy\" decoding=\"async\" height=\"16\" width=\"16\" alt=\"\ud83c\udf3f\" src=\"https:\/\/z-p3-static.xx.fbcdn.net\/images\/emoji.php\/v9\/t1e\/1\/16\/1f33f.png\"><\/p>\n","protected":false},"excerpt":{"rendered":"<p>A Secretaria de sa\u00fade alerta a popula\u00e7\u00e3o sobre os perigos da dengue e refor\u00e7a a import\u00e2ncia da preven\u00e7\u00e3o. Como voc\u00ea<\/p>\n","protected":false},"author":1,"featured_media":9103,"comment_status":"open","ping_status":"open","sticky":false,"template":"","format":"standard","meta":{"footnotes":""},"categories":[2],"tags":[],"class_list":["post-9102","post","type-post","status-publish","format-standard","has-post-thumbnail","hentry","category-noticias"],"_links":{"self":[{"href":"https:\/\/jornaloalvorada.com.br\/site\/wp-json\/wp\/v2\/posts\/9102","targetHints":{"allow":["GET"]}}],"collection":[{"href":"https:\/\/jornaloalvorada.com.br\/site\/wp-json\/wp\/v2\/posts"}],"about":[{"href":"https:\/\/jornaloalvorada.com.br\/site\/wp-json\/wp\/v2\/types\/post"}],"author":[{"embeddable":true,"href":"https:\/\/jornaloalvorada.com.br\/site\/wp-json\/wp\/v2\/users\/1"}],"replies":[{"embeddable":true,"href":"https:\/\/jornaloalvorada.com.br\/site\/wp-json\/wp\/v2\/comments?post=9102"}],"version-history":[{"count":1,"href":"https:\/\/jornaloalvorada.com.br\/site\/wp-json\/wp\/v2\/posts\/9102\/revisions"}],"predecessor-version":[{"id":9104,"href":"https:\/\/jornaloalvorada.com.br\/site\/wp-json\/wp\/v2\/posts\/9102\/revisions\/9104"}],"wp:featuredmedia":[{"embeddable":true,"href":"https:\/\/jornaloalvorada.com.br\/site\/wp-json\/wp\/v2\/media\/9103"}],"wp:attachment":[{"href":"https:\/\/jornaloalvorada.com.br\/site\/wp-json\/wp\/v2\/media?parent=9102"}],"wp:term":[{"taxonomy":"category","embeddable":true,"href":"https:\/\/jornaloalvorada.com.br\/site\/wp-json\/wp\/v2\/categories?post=9102"},{"taxonomy":"post_tag","embeddable":true,"href":"https:\/\/jornaloalvorada.com.br\/site\/wp-json\/wp\/v2\/tags?post=9102"}],"curies":[{"name":"wp","href":"https:\/\/api.w.org\/{rel}","templated":true}]}}