{"id":9099,"date":"2025-01-10T13:22:10","date_gmt":"2025-01-10T17:22:10","guid":{"rendered":"https:\/\/jornaloalvorada.com.br\/site\/?p=9099"},"modified":"2025-01-10T13:22:12","modified_gmt":"2025-01-10T17:22:12","slug":"nicolas-maduro-acaba-de-tomar-posse-como-presidente-da-venezuela-e-recebe-a-faixa-presidencial","status":"publish","type":"post","link":"https:\/\/jornaloalvorada.com.br\/site\/2025\/01\/10\/nicolas-maduro-acaba-de-tomar-posse-como-presidente-da-venezuela-e-recebe-a-faixa-presidencial\/","title":{"rendered":"Nicol\u00e1s Maduro acaba de tomar posse como presidente da Venezuela e recebe a faixa presidencial"},"content":{"rendered":"\n<p>Nicol\u00e1s Maduro tomou posse nesta sexta-feira (10) em uma sess\u00e3o solene na sede da Assembleia Nacional em Caracas. A cerim\u00f4nia, presidida pelo chavista Jorge Rodr\u00edguez, encerra um processo eleitoral marcado pela falta de transpar\u00eancia, autoritarismo e viol\u00eancia extrema contra qualquer pessoa que ousou se opor ao atual regime.<\/p>\n\n\n\n<p>Maduro n\u00e3o apresentou provas de que venceu o pleito, ao contr\u00e1rio da oposi\u00e7\u00e3o, que realizou uma contagem paralela das atas eleitorais \u2014 reivindicando a vit\u00f3ria para o opositor Edmundo Gonz\u00e1lez Urrrutia.<\/p>\n\n\n\n<p>Em discurso, ele falou em &#8220;garantir a paz e a soberania nacional&#8221;.<\/p>\n","protected":false},"excerpt":{"rendered":"<p>Nicol\u00e1s Maduro tomou posse nesta sexta-feira (10) em uma sess\u00e3o solene na sede da Assembleia Nacional em Caracas. A cerim\u00f4nia,<\/p>\n","protected":false},"author":1,"featured_media":9100,"comment_status":"open","ping_status":"open","sticky":false,"template":"","format":"standard","meta":{"footnotes":""},"categories":[2],"tags":[],"class_list":["post-9099","post","type-post","status-publish","format-standard","has-post-thumbnail","hentry","category-noticias"],"_links":{"self":[{"href":"https:\/\/jornaloalvorada.com.br\/site\/wp-json\/wp\/v2\/posts\/9099","targetHints":{"allow":["GET"]}}],"collection":[{"href":"https:\/\/jornaloalvorada.com.br\/site\/wp-json\/wp\/v2\/posts"}],"about":[{"href":"https:\/\/jornaloalvorada.com.br\/site\/wp-json\/wp\/v2\/types\/post"}],"author":[{"embeddable":true,"href":"https:\/\/jornaloalvorada.com.br\/site\/wp-json\/wp\/v2\/users\/1"}],"replies":[{"embeddable":true,"href":"https:\/\/jornaloalvorada.com.br\/site\/wp-json\/wp\/v2\/comments?post=9099"}],"version-history":[{"count":1,"href":"https:\/\/jornaloalvorada.com.br\/site\/wp-json\/wp\/v2\/posts\/9099\/revisions"}],"predecessor-version":[{"id":9101,"href":"https:\/\/jornaloalvorada.com.br\/site\/wp-json\/wp\/v2\/posts\/9099\/revisions\/9101"}],"wp:featuredmedia":[{"embeddable":true,"href":"https:\/\/jornaloalvorada.com.br\/site\/wp-json\/wp\/v2\/media\/9100"}],"wp:attachment":[{"href":"https:\/\/jornaloalvorada.com.br\/site\/wp-json\/wp\/v2\/media?parent=9099"}],"wp:term":[{"taxonomy":"category","embeddable":true,"href":"https:\/\/jornaloalvorada.com.br\/site\/wp-json\/wp\/v2\/categories?post=9099"},{"taxonomy":"post_tag","embeddable":true,"href":"https:\/\/jornaloalvorada.com.br\/site\/wp-json\/wp\/v2\/tags?post=9099"}],"curies":[{"name":"wp","href":"https:\/\/api.w.org\/{rel}","templated":true}]}}