{"id":9089,"date":"2025-01-09T15:35:21","date_gmt":"2025-01-09T19:35:21","guid":{"rendered":"https:\/\/jornaloalvorada.com.br\/site\/?p=9089"},"modified":"2025-01-09T15:35:23","modified_gmt":"2025-01-09T19:35:23","slug":"hospital-de-rio-brilhante-recebe-visita-de-autoridades-de-douradina-para-firmar-parceria-de-atendimento-a-populacao","status":"publish","type":"post","link":"https:\/\/jornaloalvorada.com.br\/site\/2025\/01\/09\/hospital-de-rio-brilhante-recebe-visita-de-autoridades-de-douradina-para-firmar-parceria-de-atendimento-a-populacao\/","title":{"rendered":"Hospital de Rio Brilhante recebe visita de autoridades de Douradina para firmar parceria de atendimento \u00e0 popula\u00e7\u00e3o"},"content":{"rendered":"\n<p>Na manh\u00e3 desta quinta-feira, a diretora do Hospital de Rio Brilhante, L\u00edvia Cabelo, e o m\u00e9dico e vice-prefeito de Rio Brilhante, Dr. Leonardo Arruda, receberam a visita do vice-prefeito de Douradina, Alceu Marques Rosa. Ele esteve acompanhado pelo professor Robson Honorato e pela m\u00e9dica Dra. Myllena Marques.<\/p>\n\n\n\n<p>O encontro teve como principal objetivo conhecer a estrutura do hospital e discutir uma poss\u00edvel parceria para atendimento \u00e0 popula\u00e7\u00e3o de Douradina, munic\u00edpio que conta atualmente com pouco mais de 5 mil habitantes, mas n\u00e3o possui hospital, apenas unidades b\u00e1sicas de sa\u00fade.<\/p>\n\n\n\n<figure class=\"wp-block-image\"><img decoding=\"async\" src=\"https:\/\/riobrilhanteinforma.com.br\/envios\/2025\/01\/09\/8947804f674c95e57d9959de371290ec.webp\" alt=\"\"\/><\/figure>\n\n\n\n<p>De acordo com o vice-prefeito Alceu Marques Rosa, a proximidade entre as duas cidades, que est\u00e3o separadas por apenas 28 km, torna a log\u00edstica favor\u00e1vel para transportar pacientes e, ao mesmo tempo, representa uma economia significativa para o munic\u00edpio. \u201cQueremos que a nossa popula\u00e7\u00e3o tenha uma sa\u00fade de qualidade, e aqui temos a certeza de que ser\u00e3o bem atendidos\u201d, destacou Alceu.<\/p>\n\n\n\n<p>O Hospital de Rio Brilhante tem se consolidado como uma refer\u00eancia regional, oferecendo infraestrutura de ponta e atendimento humanizado. Recentemente, a unidade iniciou reformas e amplia\u00e7\u00e3o, que incluem a constru\u00e7\u00e3o de novos centros cir\u00fargicos e uma ala para partos humanizados. A parceria com Douradina refor\u00e7a o compromisso do hospital em atender a comunidade local e regional com excel\u00eancia.<\/p>\n\n\n\n<p>As negocia\u00e7\u00f5es entre os munic\u00edpios continuam, e as autoridades de ambas as cidades esperam que, em breve, a popula\u00e7\u00e3o de Douradina possa contar com os servi\u00e7os do hospital, fortalecendo a sa\u00fade p\u00fablica na regi\u00e3o.<\/p>\n\n\n\n<p><strong><em>Fonte: RB Informa<\/em><\/strong><\/p>\n\n\n\n<p><\/p>\n","protected":false},"excerpt":{"rendered":"<p>Na manh\u00e3 desta quinta-feira, a diretora do Hospital de Rio Brilhante, L\u00edvia Cabelo, e o m\u00e9dico e vice-prefeito de Rio<\/p>\n","protected":false},"author":1,"featured_media":9091,"comment_status":"open","ping_status":"open","sticky":false,"template":"","format":"standard","meta":{"footnotes":""},"categories":[2],"tags":[],"class_list":["post-9089","post","type-post","status-publish","format-standard","has-post-thumbnail","hentry","category-noticias"],"_links":{"self":[{"href":"https:\/\/jornaloalvorada.com.br\/site\/wp-json\/wp\/v2\/posts\/9089","targetHints":{"allow":["GET"]}}],"collection":[{"href":"https:\/\/jornaloalvorada.com.br\/site\/wp-json\/wp\/v2\/posts"}],"about":[{"href":"https:\/\/jornaloalvorada.com.br\/site\/wp-json\/wp\/v2\/types\/post"}],"author":[{"embeddable":true,"href":"https:\/\/jornaloalvorada.com.br\/site\/wp-json\/wp\/v2\/users\/1"}],"replies":[{"embeddable":true,"href":"https:\/\/jornaloalvorada.com.br\/site\/wp-json\/wp\/v2\/comments?post=9089"}],"version-history":[{"count":1,"href":"https:\/\/jornaloalvorada.com.br\/site\/wp-json\/wp\/v2\/posts\/9089\/revisions"}],"predecessor-version":[{"id":9092,"href":"https:\/\/jornaloalvorada.com.br\/site\/wp-json\/wp\/v2\/posts\/9089\/revisions\/9092"}],"wp:featuredmedia":[{"embeddable":true,"href":"https:\/\/jornaloalvorada.com.br\/site\/wp-json\/wp\/v2\/media\/9091"}],"wp:attachment":[{"href":"https:\/\/jornaloalvorada.com.br\/site\/wp-json\/wp\/v2\/media?parent=9089"}],"wp:term":[{"taxonomy":"category","embeddable":true,"href":"https:\/\/jornaloalvorada.com.br\/site\/wp-json\/wp\/v2\/categories?post=9089"},{"taxonomy":"post_tag","embeddable":true,"href":"https:\/\/jornaloalvorada.com.br\/site\/wp-json\/wp\/v2\/tags?post=9089"}],"curies":[{"name":"wp","href":"https:\/\/api.w.org\/{rel}","templated":true}]}}