{"id":9068,"date":"2025-01-08T15:20:00","date_gmt":"2025-01-08T19:20:00","guid":{"rendered":"https:\/\/jornaloalvorada.com.br\/site\/?p=9068"},"modified":"2025-01-08T16:22:34","modified_gmt":"2025-01-08T20:22:34","slug":"calendario-pis-pasep-2025-veja-quem-recebe-primeiro","status":"publish","type":"post","link":"https:\/\/jornaloalvorada.com.br\/site\/2025\/01\/08\/calendario-pis-pasep-2025-veja-quem-recebe-primeiro\/","title":{"rendered":"Calend\u00e1rio PIS\/Pasep 2025: Veja quem recebe primeiro!"},"content":{"rendered":"\n<p>O <a href=\"https:\/\/www.gov.br\/pt-br\/servicos\/receber-o-abono-salarial\" target=\"_blank\" rel=\"noreferrer noopener\">abono salarial<\/a> <a href=\"https:\/\/terrabrasilnoticias.com\/2024\/01\/aumento-de-697-no-salario-minimo-impacta-seguro-desemprego-pis-pasep-e-aposentadorias\/\" target=\"_blank\" rel=\"noreferrer noopener\">PIS\/Pasep<\/a> \u00e9 um benef\u00edcio destinado a trabalhadores brasileiros, tanto do setor privado quanto p\u00fablico. Em 2025, o pagamento deste aux\u00edlio financeiro come\u00e7a no dia 17 de fevereiro para os nascidos em janeiro. A consulta sobre a elegibilidade para receber o abono pode ser feita a partir de 5 de fevereiro.<\/p>\n\n\n\n<p>Este benef\u00edcio tem por objetivo complementar a renda daqueles que se encaixam nos crit\u00e9rios estabelecidos pelo programa. Os dep\u00f3sitos s\u00e3o escalonados ao longo do ano, conforme o m\u00eas de nascimento dos trabalhadores. A seguir, abordaremos como funciona este processo e quem tem direito ao benef\u00edcio.<\/p>\n\n\n\n<h2 class=\"wp-block-heading\">Quem tem direito ao Abono Salarial?<\/h2>\n\n\n\n<p>Para ser eleg\u00edvel ao abono salarial, o trabalhador deve ter recebido, em m\u00e9dia, at\u00e9 dois sal\u00e1rios m\u00ednimos por m\u00eas durante o ano-base relevante, que para 2025 \u00e9 o ano de 2023. Al\u00e9m disso, \u00e9 necess\u00e1rio ter exercido atividade remunerada por pelo menos 30 dias no ano-base, estar inscrito no PIS\/Pasep h\u00e1 no m\u00ednimo cinco anos e ter seus dados corretamente inseridos na Rela\u00e7\u00e3o Anual de Informa\u00e7\u00f5es Sociais (<a href=\"http:\/\/www.rais.gov.br\/sitio\/index.jsf\" target=\"_blank\" rel=\"noreferrer noopener\">RAIS<\/a>) ou no eSocial at\u00e9 as datas especificadas.<\/p>\n\n\n\n<p>Para o ano de 2025, \u00e9 essencial que a inser\u00e7\u00e3o no RAIS tenha ocorrido at\u00e9 15 de maio de 2024, e no eSocial at\u00e9 19 de agosto de 2024. Profissionais cujas informa\u00e7\u00f5es tenham sido transmitidas ap\u00f3s essas datas n\u00e3o ter\u00e3o acesso ao benef\u00edcio neste ciclo, sendo prorrogados para o pr\u00f3ximo.<\/p>\n\n\n\n<h2 class=\"wp-block-heading\">Como e quando \u00e9 feito o pagamento do Abono?<\/h2>\n\n\n\n<p>O pagamento para os trabalhadores do setor privado, inscritos no PIS, \u00e9 realizado pela Caixa Econ\u00f4mica Federal. Aqueles que n\u00e3o possuem conta na Caixa podem fazer o saque em ag\u00eancias ou casas lot\u00e9ricas. J\u00e1 os servidores p\u00fablicos que t\u00eam direito ao Pasep recebem via Banco do Brasil, podendo optar por saque presencial ou transfer\u00eancia via Pix, caso n\u00e3o sejam correntistas do banco.<\/p>\n\n\n\n<p>O calend\u00e1rio de pagamentos de 2025 \u00e9 distribu\u00eddo ao longo dos meses entre fevereiro e agosto, conforme a data de nascimento do benefici\u00e1rio:<\/p>\n\n\n\n<ul class=\"wp-block-list\">\n<li>Nascidos em janeiro: 17 de fevereiro<\/li>\n\n\n\n<li>Nascidos em fevereiro: 17 de mar\u00e7o<\/li>\n\n\n\n<li>Nascidos em mar\u00e7o e abril: 15 de abril<\/li>\n\n\n\n<li>Nascidos em maio e junho: 15 de maio<\/li>\n\n\n\n<li>Nascidos em julho e agosto: 16 de junho<\/li>\n\n\n\n<li>Nascidos em setembro e outubro: 15 de julho<\/li>\n\n\n\n<li>Nascidos em novembro e dezembro: 15 de agosto<\/li>\n<\/ul>\n\n\n\n<h2 class=\"wp-block-heading\">Como consultar o Abono Salarial?<\/h2>\n\n\n\n<p>Os trabalhadores interessados em saber se t\u00eam direito ao abono podem consultar as informa\u00e7\u00f5es a partir de 5 de fevereiro de 2025. A consulta pode ser feita por meio da carteira de trabalho digital, acess\u00edvel via aplicativo, ou pelo portal GOV.BR. Tamb\u00e9m \u00e9 poss\u00edvel obter as informa\u00e7\u00f5es na Central de Atendimento Al\u00f4 Trabalho, ligando para o n\u00famero 158, ou nas unidades das Superintend\u00eancias Regionais do Trabalho.<\/p>\n\n\n\n<p>Para aqueles do setor privado, s\u00e3o disponibilizados aplicativos espec\u00edficos da Caixa, como \u201cCaixa Tem\u201d e \u201cCaixa Trabalhador\u201d, para consulta do benef\u00edcio e acompanhamento dos pagamentos.<\/p>\n\n\n\n<h2 class=\"wp-block-heading\">Qual a import\u00e2ncia do Abono Salarial?<\/h2>\n\n\n\n<p>O abono salarial atua como um complemento de renda importante para trabalhadores que, muitas vezes, enfrentam dificuldades financeiras. Al\u00e9m de ser um aux\u00edlio ao or\u00e7amento, ele reconhece e valoriza a contribui\u00e7\u00e3o do trabalhador ao longo dos anos de servi\u00e7o.<\/p>\n\n\n\n<p>A conscientiza\u00e7\u00e3o sobre os prazos e requisitos para a obten\u00e7\u00e3o do benef\u00edcio \u00e9 crucial, garantindo que todos que t\u00eam direito ao abono salarial possam receb\u00ea-lo sem contratempos. Isso refor\u00e7a a necessidade de os empregadores atualizarem suas informa\u00e7\u00f5es dentro dos prazos estipulados pelo governo.<\/p>\n\n\n\n<p><strong><em>Fonte: Terra Brasil Not\u00edcias<\/em><\/strong><\/p>\n\n\n\n<p><\/p>\n","protected":false},"excerpt":{"rendered":"<p>O abono salarial PIS\/Pasep \u00e9 um benef\u00edcio destinado a trabalhadores brasileiros, tanto do setor privado quanto p\u00fablico. Em 2025, o<\/p>\n","protected":false},"author":1,"featured_media":9069,"comment_status":"open","ping_status":"open","sticky":false,"template":"","format":"standard","meta":{"footnotes":""},"categories":[2],"tags":[],"class_list":["post-9068","post","type-post","status-publish","format-standard","has-post-thumbnail","hentry","category-noticias"],"_links":{"self":[{"href":"https:\/\/jornaloalvorada.com.br\/site\/wp-json\/wp\/v2\/posts\/9068","targetHints":{"allow":["GET"]}}],"collection":[{"href":"https:\/\/jornaloalvorada.com.br\/site\/wp-json\/wp\/v2\/posts"}],"about":[{"href":"https:\/\/jornaloalvorada.com.br\/site\/wp-json\/wp\/v2\/types\/post"}],"author":[{"embeddable":true,"href":"https:\/\/jornaloalvorada.com.br\/site\/wp-json\/wp\/v2\/users\/1"}],"replies":[{"embeddable":true,"href":"https:\/\/jornaloalvorada.com.br\/site\/wp-json\/wp\/v2\/comments?post=9068"}],"version-history":[{"count":1,"href":"https:\/\/jornaloalvorada.com.br\/site\/wp-json\/wp\/v2\/posts\/9068\/revisions"}],"predecessor-version":[{"id":9070,"href":"https:\/\/jornaloalvorada.com.br\/site\/wp-json\/wp\/v2\/posts\/9068\/revisions\/9070"}],"wp:featuredmedia":[{"embeddable":true,"href":"https:\/\/jornaloalvorada.com.br\/site\/wp-json\/wp\/v2\/media\/9069"}],"wp:attachment":[{"href":"https:\/\/jornaloalvorada.com.br\/site\/wp-json\/wp\/v2\/media?parent=9068"}],"wp:term":[{"taxonomy":"category","embeddable":true,"href":"https:\/\/jornaloalvorada.com.br\/site\/wp-json\/wp\/v2\/categories?post=9068"},{"taxonomy":"post_tag","embeddable":true,"href":"https:\/\/jornaloalvorada.com.br\/site\/wp-json\/wp\/v2\/tags?post=9068"}],"curies":[{"name":"wp","href":"https:\/\/api.w.org\/{rel}","templated":true}]}}