{"id":9055,"date":"2025-01-08T09:47:01","date_gmt":"2025-01-08T13:47:01","guid":{"rendered":"https:\/\/jornaloalvorada.com.br\/site\/?p=9055"},"modified":"2025-01-08T09:47:03","modified_gmt":"2025-01-08T13:47:03","slug":"policia-militar-realiza-apreensao-de-som-e-conduz-autora-por-perturbacao-do-sossego-em-nova-alvorada-do-sul","status":"publish","type":"post","link":"https:\/\/jornaloalvorada.com.br\/site\/2025\/01\/08\/policia-militar-realiza-apreensao-de-som-e-conduz-autora-por-perturbacao-do-sossego-em-nova-alvorada-do-sul\/","title":{"rendered":"Pol\u00edcia Militar realiza apreens\u00e3o de som e conduz autora por perturba\u00e7\u00e3o do sossego em Nova Alvorada do Sul"},"content":{"rendered":"\n<p>Na noite de ontem (7), a Pol\u00edcia Militar em Nova Alvorada do Sul atendeu uma ocorr\u00eancia de perturba\u00e7\u00e3o do sossego ap\u00f3s ser acionada via 190 . Chegando ao local indicado, a equipe policial fez contato com um morador, solicitando que o som fosse desligado. Inicialmente, a solicita\u00e7\u00e3o foi atendida, mas momentos depois, outra pessoa presente no local voltou a aumentar o volume do equipamento. Al\u00e9m disso, a mesma pessoa demonstrou comportamento alterado diante da guarni\u00e7\u00e3o. Diante dos fatos, o aparelho de som, de marca Mundial e cor preta, foi apreendido, e a respons\u00e1vel foi conduzida para os procedimentos cab\u00edveis. A condu\u00e7\u00e3o ocorreu sem registro de les\u00f5es.<\/p>\n\n\n\n<p>A Pol\u00edcia Militar refor\u00e7a a import\u00e2ncia de respeitar a legisla\u00e7\u00e3o e manter o sossego p\u00fablico, especialmente durante hor\u00e1rios em que o descanso da comunidade pode ser prejudicado.<\/p>\n","protected":false},"excerpt":{"rendered":"<p>Na noite de ontem (7), a Pol\u00edcia Militar em Nova Alvorada do Sul atendeu uma ocorr\u00eancia de perturba\u00e7\u00e3o do sossego<\/p>\n","protected":false},"author":1,"featured_media":9056,"comment_status":"open","ping_status":"open","sticky":false,"template":"","format":"standard","meta":{"footnotes":""},"categories":[2],"tags":[],"class_list":["post-9055","post","type-post","status-publish","format-standard","has-post-thumbnail","hentry","category-noticias"],"_links":{"self":[{"href":"https:\/\/jornaloalvorada.com.br\/site\/wp-json\/wp\/v2\/posts\/9055","targetHints":{"allow":["GET"]}}],"collection":[{"href":"https:\/\/jornaloalvorada.com.br\/site\/wp-json\/wp\/v2\/posts"}],"about":[{"href":"https:\/\/jornaloalvorada.com.br\/site\/wp-json\/wp\/v2\/types\/post"}],"author":[{"embeddable":true,"href":"https:\/\/jornaloalvorada.com.br\/site\/wp-json\/wp\/v2\/users\/1"}],"replies":[{"embeddable":true,"href":"https:\/\/jornaloalvorada.com.br\/site\/wp-json\/wp\/v2\/comments?post=9055"}],"version-history":[{"count":1,"href":"https:\/\/jornaloalvorada.com.br\/site\/wp-json\/wp\/v2\/posts\/9055\/revisions"}],"predecessor-version":[{"id":9057,"href":"https:\/\/jornaloalvorada.com.br\/site\/wp-json\/wp\/v2\/posts\/9055\/revisions\/9057"}],"wp:featuredmedia":[{"embeddable":true,"href":"https:\/\/jornaloalvorada.com.br\/site\/wp-json\/wp\/v2\/media\/9056"}],"wp:attachment":[{"href":"https:\/\/jornaloalvorada.com.br\/site\/wp-json\/wp\/v2\/media?parent=9055"}],"wp:term":[{"taxonomy":"category","embeddable":true,"href":"https:\/\/jornaloalvorada.com.br\/site\/wp-json\/wp\/v2\/categories?post=9055"},{"taxonomy":"post_tag","embeddable":true,"href":"https:\/\/jornaloalvorada.com.br\/site\/wp-json\/wp\/v2\/tags?post=9055"}],"curies":[{"name":"wp","href":"https:\/\/api.w.org\/{rel}","templated":true}]}}