{"id":9052,"date":"2025-01-08T09:41:27","date_gmt":"2025-01-08T13:41:27","guid":{"rendered":"https:\/\/jornaloalvorada.com.br\/site\/?p=9052"},"modified":"2025-01-08T09:41:30","modified_gmt":"2025-01-08T13:41:30","slug":"vereador-rones-cezar-leal-declara-independencia-em-seu-mandato","status":"publish","type":"post","link":"https:\/\/jornaloalvorada.com.br\/site\/2025\/01\/08\/vereador-rones-cezar-leal-declara-independencia-em-seu-mandato\/","title":{"rendered":"Vereador Rones Cezar Leal declara independ\u00eancia em seu mandato"},"content":{"rendered":"\n<p>Em entrevista ao site Enfoque Pol\u00edtico, o vereador Rones Cezar Leal afirmou que exercer\u00e1 seu mandato de forma independente, mantendo sua postura firme na defesa dos interesses da popula\u00e7\u00e3o de Nova Alvorada do Sul.<\/p>\n\n\n\n<p>\u201cMeu compromisso \u00e9 com o povo de Nova Alvorada do Sul. Vou continuar lutando pelos direitos e necessidades da nossa comunidade, sem me submeter a press\u00f5es partid\u00e1rias ou interesses pessoais\u201d, declarou o vereador.<\/p>\n\n\n\n<p>Rones Cezar Leal destacou que sua independ\u00eancia pol\u00edtica permitir\u00e1 uma atua\u00e7\u00e3o mais transparente e eficaz, focada nas reais demandas da popula\u00e7\u00e3o. \u201cAcredito que a pol\u00edtica deve ser feita com responsabilidade e \u00e9tica, sempre priorizando o bem-estar da nossa cidade\u201d, concluiu.<\/p>\n\n\n\n<p>Nesta semana, o vereador que \u00e9 jornalista do site Alvorada Informa, o ve\u00edculo de comunica\u00e7\u00e3o de maior audi\u00eancia de Nova Alvorada do Sul, realizou lives cobrando prefeito reeleito acerca do descaso com o camel\u00f3dromo, e do aditivo de um aluguel do pr\u00e9dio onde funcionava a \u201cCasa Lar\u201d.<\/p>\n","protected":false},"excerpt":{"rendered":"<p>Em entrevista ao site Enfoque Pol\u00edtico, o vereador Rones Cezar Leal afirmou que exercer\u00e1 seu mandato de forma independente, mantendo<\/p>\n","protected":false},"author":1,"featured_media":9053,"comment_status":"open","ping_status":"open","sticky":false,"template":"","format":"standard","meta":{"footnotes":""},"categories":[2],"tags":[],"class_list":["post-9052","post","type-post","status-publish","format-standard","has-post-thumbnail","hentry","category-noticias"],"_links":{"self":[{"href":"https:\/\/jornaloalvorada.com.br\/site\/wp-json\/wp\/v2\/posts\/9052","targetHints":{"allow":["GET"]}}],"collection":[{"href":"https:\/\/jornaloalvorada.com.br\/site\/wp-json\/wp\/v2\/posts"}],"about":[{"href":"https:\/\/jornaloalvorada.com.br\/site\/wp-json\/wp\/v2\/types\/post"}],"author":[{"embeddable":true,"href":"https:\/\/jornaloalvorada.com.br\/site\/wp-json\/wp\/v2\/users\/1"}],"replies":[{"embeddable":true,"href":"https:\/\/jornaloalvorada.com.br\/site\/wp-json\/wp\/v2\/comments?post=9052"}],"version-history":[{"count":1,"href":"https:\/\/jornaloalvorada.com.br\/site\/wp-json\/wp\/v2\/posts\/9052\/revisions"}],"predecessor-version":[{"id":9054,"href":"https:\/\/jornaloalvorada.com.br\/site\/wp-json\/wp\/v2\/posts\/9052\/revisions\/9054"}],"wp:featuredmedia":[{"embeddable":true,"href":"https:\/\/jornaloalvorada.com.br\/site\/wp-json\/wp\/v2\/media\/9053"}],"wp:attachment":[{"href":"https:\/\/jornaloalvorada.com.br\/site\/wp-json\/wp\/v2\/media?parent=9052"}],"wp:term":[{"taxonomy":"category","embeddable":true,"href":"https:\/\/jornaloalvorada.com.br\/site\/wp-json\/wp\/v2\/categories?post=9052"},{"taxonomy":"post_tag","embeddable":true,"href":"https:\/\/jornaloalvorada.com.br\/site\/wp-json\/wp\/v2\/tags?post=9052"}],"curies":[{"name":"wp","href":"https:\/\/api.w.org\/{rel}","templated":true}]}}