{"id":9046,"date":"2025-01-08T09:10:01","date_gmt":"2025-01-08T13:10:01","guid":{"rendered":"https:\/\/jornaloalvorada.com.br\/site\/?p=9046"},"modified":"2025-01-08T09:10:03","modified_gmt":"2025-01-08T13:10:03","slug":"comunicado-importante","status":"publish","type":"post","link":"https:\/\/jornaloalvorada.com.br\/site\/2025\/01\/08\/comunicado-importante\/","title":{"rendered":"Comunicado Importante !!!"},"content":{"rendered":"\n<p>A Prefeitura municipal informa aos pais e respons\u00e1veis que precisam de declara\u00e7\u00f5es de transfer\u00eancia de alunos da Rede Municipal de Educa\u00e7\u00e3o, compare\u00e7am na Secretaria Municipal de Educa\u00e7\u00e3o.<\/p>\n\n\n\n<p>O atendimento est\u00e1 sendo realizado no antigo pr\u00e9dio da prefeitura, na Avenida Irineu de Souza Ara\u00fajo, n\u00ba 1121, das 7h30 \u00e0s 13h.<\/p>\n\n\n\n<figure class=\"wp-block-image size-large\"><img loading=\"lazy\" decoding=\"async\" width=\"1024\" height=\"1024\" src=\"https:\/\/jornaloalvorada.com.br\/site\/wp-content\/uploads\/2025\/01\/comunicado-nas-1024x1024.jpg\" alt=\"\" class=\"wp-image-9048\" srcset=\"https:\/\/jornaloalvorada.com.br\/site\/wp-content\/uploads\/2025\/01\/comunicado-nas-1024x1024.jpg 1024w, https:\/\/jornaloalvorada.com.br\/site\/wp-content\/uploads\/2025\/01\/comunicado-nas-300x300.jpg 300w, https:\/\/jornaloalvorada.com.br\/site\/wp-content\/uploads\/2025\/01\/comunicado-nas-150x150.jpg 150w, https:\/\/jornaloalvorada.com.br\/site\/wp-content\/uploads\/2025\/01\/comunicado-nas-768x768.jpg 768w, https:\/\/jornaloalvorada.com.br\/site\/wp-content\/uploads\/2025\/01\/comunicado-nas.jpg 1080w\" sizes=\"auto, (max-width: 1024px) 100vw, 1024px\" \/><\/figure>\n","protected":false},"excerpt":{"rendered":"<p>A Prefeitura municipal informa aos pais e respons\u00e1veis que precisam de declara\u00e7\u00f5es de transfer\u00eancia de alunos da Rede Municipal de<\/p>\n","protected":false},"author":1,"featured_media":9047,"comment_status":"open","ping_status":"open","sticky":false,"template":"","format":"standard","meta":{"footnotes":""},"categories":[2],"tags":[],"class_list":["post-9046","post","type-post","status-publish","format-standard","has-post-thumbnail","hentry","category-noticias"],"_links":{"self":[{"href":"https:\/\/jornaloalvorada.com.br\/site\/wp-json\/wp\/v2\/posts\/9046","targetHints":{"allow":["GET"]}}],"collection":[{"href":"https:\/\/jornaloalvorada.com.br\/site\/wp-json\/wp\/v2\/posts"}],"about":[{"href":"https:\/\/jornaloalvorada.com.br\/site\/wp-json\/wp\/v2\/types\/post"}],"author":[{"embeddable":true,"href":"https:\/\/jornaloalvorada.com.br\/site\/wp-json\/wp\/v2\/users\/1"}],"replies":[{"embeddable":true,"href":"https:\/\/jornaloalvorada.com.br\/site\/wp-json\/wp\/v2\/comments?post=9046"}],"version-history":[{"count":1,"href":"https:\/\/jornaloalvorada.com.br\/site\/wp-json\/wp\/v2\/posts\/9046\/revisions"}],"predecessor-version":[{"id":9049,"href":"https:\/\/jornaloalvorada.com.br\/site\/wp-json\/wp\/v2\/posts\/9046\/revisions\/9049"}],"wp:featuredmedia":[{"embeddable":true,"href":"https:\/\/jornaloalvorada.com.br\/site\/wp-json\/wp\/v2\/media\/9047"}],"wp:attachment":[{"href":"https:\/\/jornaloalvorada.com.br\/site\/wp-json\/wp\/v2\/media?parent=9046"}],"wp:term":[{"taxonomy":"category","embeddable":true,"href":"https:\/\/jornaloalvorada.com.br\/site\/wp-json\/wp\/v2\/categories?post=9046"},{"taxonomy":"post_tag","embeddable":true,"href":"https:\/\/jornaloalvorada.com.br\/site\/wp-json\/wp\/v2\/tags?post=9046"}],"curies":[{"name":"wp","href":"https:\/\/api.w.org\/{rel}","templated":true}]}}