{"id":9018,"date":"2025-01-06T15:59:03","date_gmt":"2025-01-06T19:59:03","guid":{"rendered":"https:\/\/jornaloalvorada.com.br\/site\/?p=9018"},"modified":"2025-01-06T15:59:05","modified_gmt":"2025-01-06T19:59:05","slug":"lula-cancela-ferias-de-haddad-e-convoca-ministro-para-reuniao-no-planalto","status":"publish","type":"post","link":"https:\/\/jornaloalvorada.com.br\/site\/2025\/01\/06\/lula-cancela-ferias-de-haddad-e-convoca-ministro-para-reuniao-no-planalto\/","title":{"rendered":"Lula cancela f\u00e9rias de Haddad e convoca ministro para reuni\u00e3o no Planalto"},"content":{"rendered":"\n<p>O presidente Luiz In\u00e1cio Lula da Silva (PT) publicou um despacho no Di\u00e1rio Oficial da Uni\u00e3o (DOU) nesta segunda-feira (06) cancelando as f\u00e9rias do ministro da Fazenda, Fernando Haddad. Com a decis\u00e3o, as f\u00e9rias foram canceladas definitivamente e dever\u00e3o ser remarcadas.<\/p>\n\n\n\n<p>Inicialmente, Haddad havia planejado tirar f\u00e9rias no in\u00edcio deste ano, com retorno previsto para 21 de janeiro. No final do ano passado, esse per\u00edodo de descanso foi interrompido, e a previs\u00e3o era de que o ministro retornasse a Bras\u00edlia por uma semana antes de retomar as f\u00e9rias a partir da pr\u00f3xima sexta-feira (10).<\/p>\n\n\n\n<p>O cancelamento foi formalizado ap\u00f3s o \u201cpronto restabelecimento\u201d de um familiar do ministro. Sua esposa, Ana Estela Haddad, passou por uma cirurgia no final de 2024, o que havia motivado o agendamento das f\u00e9rias durante esse per\u00edodo.<\/p>\n\n\n\n<p>O Minist\u00e9rio da Fazenda informou que a decis\u00e3o de cancelar as f\u00e9rias foi tomada ap\u00f3s o restabelecimento da esposa de Haddad, que precisou de atendimento cir\u00fargico no fim do ano.<\/p>\n\n\n\n<p>Haddad tem agenda p\u00fablica nesta segunda-feira com o presidente Lula no Pal\u00e1cio do Planalto, onde ocorrer\u00e1 um encontro reservado.<\/p>\n\n\n\n<p>O cancelamento das f\u00e9rias tamb\u00e9m ocorre em um momento de forte press\u00e3o sobre o d\u00f3lar e o mercado financeiro, que demanda novas medidas de controle dos gastos p\u00fablicos. A alta do d\u00f3lar levou o Banco Central a intervir com leil\u00f5es de venda de divisas no fim do ano passado, o que resultou em uma redu\u00e7\u00e3o de 7% nas reservas internacionais, que ca\u00edram para R$ 329,7 bilh\u00f5es.<\/p>\n\n\n\n<p>Fonte: Gazeta Brasil<\/p>\n","protected":false},"excerpt":{"rendered":"<p>O presidente Luiz In\u00e1cio Lula da Silva (PT) publicou um despacho no Di\u00e1rio Oficial da Uni\u00e3o (DOU) nesta segunda-feira (06)<\/p>\n","protected":false},"author":1,"featured_media":9019,"comment_status":"open","ping_status":"open","sticky":false,"template":"","format":"standard","meta":{"footnotes":""},"categories":[2],"tags":[],"class_list":["post-9018","post","type-post","status-publish","format-standard","has-post-thumbnail","hentry","category-noticias"],"_links":{"self":[{"href":"https:\/\/jornaloalvorada.com.br\/site\/wp-json\/wp\/v2\/posts\/9018","targetHints":{"allow":["GET"]}}],"collection":[{"href":"https:\/\/jornaloalvorada.com.br\/site\/wp-json\/wp\/v2\/posts"}],"about":[{"href":"https:\/\/jornaloalvorada.com.br\/site\/wp-json\/wp\/v2\/types\/post"}],"author":[{"embeddable":true,"href":"https:\/\/jornaloalvorada.com.br\/site\/wp-json\/wp\/v2\/users\/1"}],"replies":[{"embeddable":true,"href":"https:\/\/jornaloalvorada.com.br\/site\/wp-json\/wp\/v2\/comments?post=9018"}],"version-history":[{"count":1,"href":"https:\/\/jornaloalvorada.com.br\/site\/wp-json\/wp\/v2\/posts\/9018\/revisions"}],"predecessor-version":[{"id":9020,"href":"https:\/\/jornaloalvorada.com.br\/site\/wp-json\/wp\/v2\/posts\/9018\/revisions\/9020"}],"wp:featuredmedia":[{"embeddable":true,"href":"https:\/\/jornaloalvorada.com.br\/site\/wp-json\/wp\/v2\/media\/9019"}],"wp:attachment":[{"href":"https:\/\/jornaloalvorada.com.br\/site\/wp-json\/wp\/v2\/media?parent=9018"}],"wp:term":[{"taxonomy":"category","embeddable":true,"href":"https:\/\/jornaloalvorada.com.br\/site\/wp-json\/wp\/v2\/categories?post=9018"},{"taxonomy":"post_tag","embeddable":true,"href":"https:\/\/jornaloalvorada.com.br\/site\/wp-json\/wp\/v2\/tags?post=9018"}],"curies":[{"name":"wp","href":"https:\/\/api.w.org\/{rel}","templated":true}]}}