{"id":9004,"date":"2025-01-06T08:15:00","date_gmt":"2025-01-06T12:15:00","guid":{"rendered":"https:\/\/jornaloalvorada.com.br\/site\/?p=9004"},"modified":"2025-01-06T10:03:32","modified_gmt":"2025-01-06T14:03:32","slug":"comunicado-importante-do-bolsa-familia-para-beneficiarios-que-recebem-no-dia-20","status":"publish","type":"post","link":"https:\/\/jornaloalvorada.com.br\/site\/2025\/01\/06\/comunicado-importante-do-bolsa-familia-para-beneficiarios-que-recebem-no-dia-20\/","title":{"rendered":"Comunicado importante do Bolsa Fam\u00edlia para benefici\u00e1rios que recebem no dia 20"},"content":{"rendered":"\n<p>O programa <a href=\"https:\/\/www.gov.br\/mds\/pt-br\/acoes-e-programas\/bolsa-familia\" target=\"_blank\" rel=\"noreferrer noopener\">Bolsa Fam\u00edlia <\/a>\u00e9 uma pe\u00e7a-chave no combate \u00e0 desigualdade social no Brasil. Desde sua cria\u00e7\u00e3o, tem proporcionado suporte financeiro crucial para milh\u00f5es de fam\u00edlias em situa\u00e7\u00e3o de vulnerabilidade, ajudando a diminuir a pobreza e aumentar a inclus\u00e3o social pelo acesso a direitos fundamentais como educa\u00e7\u00e3o e sa\u00fade.<\/p>\n\n\n\n<p>O calend\u00e1rio de pagamento do Bolsa Fam\u00edlia em 2025 foi definido para assegurar a pontualidade na entrega dos benef\u00edcios, permitindo que as fam\u00edlias benefici\u00e1rias organizem melhor seu or\u00e7amento mensal. Este planejamento cont\u00ednuo garante que essas fam\u00edlias possam contar com o aux\u00edlio financeiro para atender \u00e0s suas necessidades b\u00e1sicas.<\/p>\n\n\n\n<h2 class=\"wp-block-heading\">Quais Benef\u00edcios o Bolsa Fam\u00edlia Oferece?<\/h2>\n\n\n\n<p>O Bolsa Fam\u00edlia oferece uma s\u00e9rie de benef\u00edcios financeiros para apoiar fam\u00edlias em situa\u00e7\u00e3o de vulnerabilidade. Cada benef\u00edcio \u00e9 estruturado de acordo com as necessidades espec\u00edficas dos benefici\u00e1rios, garantindo que o programa atenda a uma ampla gama de situa\u00e7\u00f5es. Confira os principais pontos do programa em 2025:<\/p>\n\n\n\n<ol class=\"wp-block-list\">\n<li><strong>Benef\u00edcio de Renda de Cidadania<\/strong>: Garante um valor individual por membro da fam\u00edlia.<\/li>\n\n\n\n<li><strong>Benef\u00edcio Complementar<\/strong>: Assegura um valor m\u00ednimo global para a fam\u00edlia.<\/li>\n\n\n\n<li><strong>Benef\u00edcio Primeira Inf\u00e2ncia<\/strong>: Concedido a fam\u00edlias com crian\u00e7as pequenas, oferecendo um adicional por crian\u00e7a em idade pr\u00e9-escolar.<\/li>\n\n\n\n<li><strong>Benef\u00edcios diferenciados por perfil familiar<\/strong>: Valores e condi\u00e7\u00f5es s\u00e3o ajustados conforme o perfil e a composi\u00e7\u00e3o de cada fam\u00edlia.<\/li>\n\n\n\n<li><strong>Diversifica\u00e7\u00e3o de apoio<\/strong>: O programa conta com seis tipos diferentes de benef\u00edcios financeiros para atender diversas necessidades.<\/li>\n<\/ol>\n\n\n\n<figure class=\"wp-block-image\"><img decoding=\"async\" src=\"https:\/\/terrabrasilnoticias.com\/wp-content\/uploads\/2024\/10\/bolsa-familia-brasil_1728338786642-1024x576.jpg\" alt=\"Cr\u00e9ditos: depositphotos.com \/ joasouza\"\/><figcaption class=\"wp-element-caption\">Cart\u00e3o do Bolsa Fam\u00edlia \u2013 Cr\u00e9ditos: depositphotos.com \/ joasouza<\/figcaption><\/figure>\n\n\n\n<h2 class=\"wp-block-heading\">O que \u00e9 o Benef\u00edcio Vari\u00e1vel Familiar?<\/h2>\n\n\n\n<p>O Benef\u00edcio Vari\u00e1vel Familiar foi criado para atender demandas espec\u00edficas de diferentes ciclos de vida dentro das fam\u00edlias. Ele inclui um valor adicional para gestantes e para cada crian\u00e7a ou adolescente na faixa et\u00e1ria de 7 a 18 anos, abarcando etapas importantes do desenvolvimento infantojuvenil.<\/p>\n\n\n\n<p>Al\u00e9m desses, o programa introduziu um Benef\u00edcio Extraordin\u00e1rio de Transi\u00e7\u00e3o. Este benef\u00edcio espec\u00edfico visa garantir que nenhuma fam\u00edlia receba menos do que recebia anteriormente, ajudando na transi\u00e7\u00e3o suave de quaisquer ajustes realizados no sistema de benef\u00edcios sociais.<\/p>\n\n\n\n<h2 class=\"wp-block-heading\">Quais S\u00e3o os Crit\u00e9rios para Receber o Bolsa Fam\u00edlia?<\/h2>\n\n\n\n<p>Para ter direito ao Bolsa Fam\u00edlia, as fam\u00edlias devem cumprir determinadas condi\u00e7\u00f5es que englobam principalmente educa\u00e7\u00e3o e sa\u00fade. \u00c9 obrigat\u00f3rio que crian\u00e7as e adolescentes na faixa et\u00e1ria escolar mantenham a frequ\u00eancia m\u00ednima. Al\u00e9m disso, gestantes devem realizar o pr\u00e9-natal, e crian\u00e7as precisam seguir o calend\u00e1rio de vacina\u00e7\u00e3o e passar por acompanhamento de sa\u00fade.<\/p>\n\n\n\n<p>Esses crit\u00e9rios t\u00eam como objetivo n\u00e3o apenas dar suporte financeiro, mas tamb\u00e9m incentivar melhorias nas condi\u00e7\u00f5es de vida e acesso a direitos b\u00e1sicos por parte dos benefici\u00e1rios, promovendo assim um ciclo de desenvolvimento social.<\/p>\n\n\n\n<h2 class=\"wp-block-heading\">Como Manter o Bolsa Fam\u00edlia?<\/h2>\n\n\n\n<p>Para assegurar a continuidade do benef\u00edcio, \u00e9 essencial que as fam\u00edlias cumpram com as exig\u00eancias estipuladas pelo programa. Isso implica na responsabilidade dos respons\u00e1veis em manter a educa\u00e7\u00e3o dos filhos em dia e em seguir as recomenda\u00e7\u00f5es de sa\u00fade e vacina\u00e7\u00e3o.<\/p>\n\n\n\n<p>A atualiza\u00e7\u00e3o cadastral tamb\u00e9m \u00e9 fundamental, garantindo que o governo tenha informa\u00e7\u00f5es precisas sobre a situa\u00e7\u00e3o das fam\u00edlias e ajustando o suporte conforme necess\u00e1rio. Cumprir esses requisitos n\u00e3o apenas garante a manuten\u00e7\u00e3o do benef\u00edcio, mas tamb\u00e9m possibilita que as fam\u00edlias maximizem as oportunidades proporcionadas pelo programa.<\/p>\n\n\n\n<p><strong><em>Fonte: Terra Brasil Not\u00edcias<\/em><\/strong><\/p>\n","protected":false},"excerpt":{"rendered":"<p>O programa Bolsa Fam\u00edlia \u00e9 uma pe\u00e7a-chave no combate \u00e0 desigualdade social no Brasil. Desde sua cria\u00e7\u00e3o, tem proporcionado suporte<\/p>\n","protected":false},"author":1,"featured_media":9005,"comment_status":"open","ping_status":"open","sticky":false,"template":"","format":"standard","meta":{"footnotes":""},"categories":[2],"tags":[],"class_list":["post-9004","post","type-post","status-publish","format-standard","has-post-thumbnail","hentry","category-noticias"],"_links":{"self":[{"href":"https:\/\/jornaloalvorada.com.br\/site\/wp-json\/wp\/v2\/posts\/9004","targetHints":{"allow":["GET"]}}],"collection":[{"href":"https:\/\/jornaloalvorada.com.br\/site\/wp-json\/wp\/v2\/posts"}],"about":[{"href":"https:\/\/jornaloalvorada.com.br\/site\/wp-json\/wp\/v2\/types\/post"}],"author":[{"embeddable":true,"href":"https:\/\/jornaloalvorada.com.br\/site\/wp-json\/wp\/v2\/users\/1"}],"replies":[{"embeddable":true,"href":"https:\/\/jornaloalvorada.com.br\/site\/wp-json\/wp\/v2\/comments?post=9004"}],"version-history":[{"count":1,"href":"https:\/\/jornaloalvorada.com.br\/site\/wp-json\/wp\/v2\/posts\/9004\/revisions"}],"predecessor-version":[{"id":9006,"href":"https:\/\/jornaloalvorada.com.br\/site\/wp-json\/wp\/v2\/posts\/9004\/revisions\/9006"}],"wp:featuredmedia":[{"embeddable":true,"href":"https:\/\/jornaloalvorada.com.br\/site\/wp-json\/wp\/v2\/media\/9005"}],"wp:attachment":[{"href":"https:\/\/jornaloalvorada.com.br\/site\/wp-json\/wp\/v2\/media?parent=9004"}],"wp:term":[{"taxonomy":"category","embeddable":true,"href":"https:\/\/jornaloalvorada.com.br\/site\/wp-json\/wp\/v2\/categories?post=9004"},{"taxonomy":"post_tag","embeddable":true,"href":"https:\/\/jornaloalvorada.com.br\/site\/wp-json\/wp\/v2\/tags?post=9004"}],"curies":[{"name":"wp","href":"https:\/\/api.w.org\/{rel}","templated":true}]}}