{"id":9001,"date":"2025-01-06T07:10:00","date_gmt":"2025-01-06T11:10:00","guid":{"rendered":"https:\/\/jornaloalvorada.com.br\/site\/?p=9001"},"modified":"2025-01-06T09:58:55","modified_gmt":"2025-01-06T13:58:55","slug":"acontece-hoje-a-certificacao-da-vitoria-de-donald-trump-no-capitolio","status":"publish","type":"post","link":"https:\/\/jornaloalvorada.com.br\/site\/2025\/01\/06\/acontece-hoje-a-certificacao-da-vitoria-de-donald-trump-no-capitolio\/","title":{"rendered":"Acontece hoje a Certifica\u00e7\u00e3o da Vit\u00f3ria de Donald Trump no Capit\u00f3lio"},"content":{"rendered":"\n<p>*Washington, D.C., 06 de janeiro de 2025 -* Hoje, 06 de janeiro, o Congresso dos Estados Unidos realizar\u00e1 a certifica\u00e7\u00e3o formal da vit\u00f3ria de Donald Trump nas elei\u00e7\u00f5es presidenciais de 2024, marcando seu retorno \u00e0 Casa Branca. A cerim\u00f4nia, que acontecer\u00e1 no Capit\u00f3lio, ser\u00e1 supervisionada pela vice-presidente Kamala Harris, que, em uma not\u00e1vel reviravolta hist\u00f3rica, certificar\u00e1 a vit\u00f3ria do seu oponente eleitoral.<\/p>\n\n\n\n<p>*Seguran\u00e7a Refor\u00e7ada:* Em prepara\u00e7\u00e3o para a sess\u00e3o, a seguran\u00e7a em torno do Capit\u00f3lio foi significativamente refor\u00e7ada, uma resposta direta aos eventos tumultuados de 6 de janeiro de 2021, quando apoiadores de Trump invadiram o pr\u00e9dio tentando impedir a certifica\u00e7\u00e3o da vit\u00f3ria de Joe Biden. O Secret\u00e1rio de Seguran\u00e7a Interna designou a cerim\u00f4nia como um Evento Nacional de Seguran\u00e7a Especial, garantindo um ambiente controlado e seguro para a sess\u00e3o conjunta do Congresso.<\/p>\n\n\n\n<p>*Processo de Certifica\u00e7\u00e3o:* De acordo com a Constitui\u00e7\u00e3o dos EUA, o Congresso se reunir\u00e1 para contabilizar os votos do Col\u00e9gio Eleitoral. Os delegados de cada estado, que votaram em dezembro, trar\u00e3o seus certificados em caixas de mogno especiais. Durante a sess\u00e3o, os votos ser\u00e3o lidos em voz alta por representantes bipartid\u00e1rios, culminando na declara\u00e7\u00e3o formal de Trump como presidente eleito.<\/p>\n\n\n\n<p>*Hist\u00f3ria e Precedentes:* Este n\u00e3o ser\u00e1 o primeiro encontro de um vice-presidente com a certifica\u00e7\u00e3o de sua pr\u00f3pria derrota. Em 2001, Al Gore presidiu a contagem que declarou George W. Bush vencedor, e em 2017, Joe Biden fez o mesmo para Trump. A fun\u00e7\u00e3o de Kamala Harris como presidente do Senado a coloca nesta posi\u00e7\u00e3o peculiar, cumprindo seu papel constitucional apesar da derrota pessoal.<\/p>\n\n\n\n<p>*Repercuss\u00e3o e Rea\u00e7\u00f5es:* A vit\u00f3ria de Trump, que ser\u00e1 oficializada hoje, j\u00e1 foi recebida com celebra\u00e7\u00e3o por seus apoiadores e com preocupa\u00e7\u00e3o por aqueles que temem suas pol\u00edticas passadas. L\u00edderes mundiais e pol\u00edticos locais j\u00e1 come\u00e7aram a reagir, com figuras como Jair Bolsonaro parabenizando Trump pelo retorno ao poder. A imprensa internacional e nacional tem debatido amplamente as implica\u00e7\u00f5es desta elei\u00e7\u00e3o para a pol\u00edtica interna e externa dos Estados Unidos.<\/p>\n\n\n\n<p>*Pr\u00f3ximos Passos:* Ap\u00f3s a certifica\u00e7\u00e3o, a aten\u00e7\u00e3o se voltar\u00e1 para a posse de Trump, marcada para o dia 20 de janeiro de 2025. Este per\u00edodo de transi\u00e7\u00e3o ser\u00e1 cr\u00edtico, com preparativos para a cerim\u00f4nia de inaugura\u00e7\u00e3o e a forma\u00e7\u00e3o do novo gabinete presidencial.<\/p>\n\n\n\n<p>A certifica\u00e7\u00e3o de hoje n\u00e3o s\u00f3 marcar\u00e1 um novo cap\u00edtulo na presid\u00eancia de Trump mas tamb\u00e9m refletir\u00e1 a resili\u00eancia do processo democr\u00e1tico americano, apesar dos desafios e controv\u00e9rsias que marcaram as elei\u00e7\u00f5es recentes. A na\u00e7\u00e3o e o mundo observam agora como ser\u00e1 este segundo mandato de Trump, especialmente no que diz respeito \u00e0 pol\u00edtica econ\u00f4mica, rela\u00e7\u00f5es internacionais, e a implementa\u00e7\u00e3o do controverso Projeto 2025.<\/p>\n\n\n\n<p><\/p>\n","protected":false},"excerpt":{"rendered":"<p>*Washington, D.C., 06 de janeiro de 2025 -* Hoje, 06 de janeiro, o Congresso dos Estados Unidos realizar\u00e1 a certifica\u00e7\u00e3o<\/p>\n","protected":false},"author":1,"featured_media":9002,"comment_status":"open","ping_status":"open","sticky":false,"template":"","format":"standard","meta":{"footnotes":""},"categories":[2],"tags":[],"class_list":["post-9001","post","type-post","status-publish","format-standard","has-post-thumbnail","hentry","category-noticias"],"_links":{"self":[{"href":"https:\/\/jornaloalvorada.com.br\/site\/wp-json\/wp\/v2\/posts\/9001","targetHints":{"allow":["GET"]}}],"collection":[{"href":"https:\/\/jornaloalvorada.com.br\/site\/wp-json\/wp\/v2\/posts"}],"about":[{"href":"https:\/\/jornaloalvorada.com.br\/site\/wp-json\/wp\/v2\/types\/post"}],"author":[{"embeddable":true,"href":"https:\/\/jornaloalvorada.com.br\/site\/wp-json\/wp\/v2\/users\/1"}],"replies":[{"embeddable":true,"href":"https:\/\/jornaloalvorada.com.br\/site\/wp-json\/wp\/v2\/comments?post=9001"}],"version-history":[{"count":1,"href":"https:\/\/jornaloalvorada.com.br\/site\/wp-json\/wp\/v2\/posts\/9001\/revisions"}],"predecessor-version":[{"id":9003,"href":"https:\/\/jornaloalvorada.com.br\/site\/wp-json\/wp\/v2\/posts\/9001\/revisions\/9003"}],"wp:featuredmedia":[{"embeddable":true,"href":"https:\/\/jornaloalvorada.com.br\/site\/wp-json\/wp\/v2\/media\/9002"}],"wp:attachment":[{"href":"https:\/\/jornaloalvorada.com.br\/site\/wp-json\/wp\/v2\/media?parent=9001"}],"wp:term":[{"taxonomy":"category","embeddable":true,"href":"https:\/\/jornaloalvorada.com.br\/site\/wp-json\/wp\/v2\/categories?post=9001"},{"taxonomy":"post_tag","embeddable":true,"href":"https:\/\/jornaloalvorada.com.br\/site\/wp-json\/wp\/v2\/tags?post=9001"}],"curies":[{"name":"wp","href":"https:\/\/api.w.org\/{rel}","templated":true}]}}